{"id":12,"date":"2021-09-09T10:09:49","date_gmt":"2021-09-09T08:09:49","guid":{"rendered":"https:\/\/singout.brussels\/?p=12"},"modified":"2021-10-28T13:16:41","modified_gmt":"2021-10-28T11:16:41","slug":"auditions-2021-fr","status":"publish","type":"post","link":"https:\/\/singout.brussels\/fr\/2021\/09\/09\/auditions-2021-fr\/","title":{"rendered":"Auditions 2021 : Concilier qualit\u00e9 et inclusivit\u00e9"},"content":{"rendered":"\n<div class=\"wp-block-group alignfull has-white-color has-text-color has-background\" style=\"background-color:#296be3\"><div class=\"wp-block-group__inner-container is-layout-flow wp-block-group-is-layout-flow\">\n<p><strong>En tant que groupe inclusif, nous aimerions bien s\u00fbr accueillir toutes les personnes qui souhaitent nous rejoindre. Mais c&rsquo;est impossible ! <\/strong><\/p>\n\n\n\n<p>En 2020-2021, Sing Out Brussels! comptait 60 membres\u2026 et 65 personnes se sont inscrites sur notre liste d&rsquo;attente en cours de saison. De quoi multiplier le nombre de membres par deux, ou cr\u00e9er une deuxi\u00e8me chorale.<\/p>\n\n\n\n<p>D\u00e8s le d\u00e9part, nous avions d\u00e9cid\u00e9 que Sing Out limiterait la p\u00e9riode des auditions au d\u00e9but de chaque saison. En effet, cr\u00e9er une coh\u00e9sion (vocale et humaine) au sein du groupe prend du temps. Il faut donc de la stabilit\u00e9. Sauf tr\u00e8s rares exceptions (si un pupitre se d\u00e9peuple en cours de saison par exemple), nous n&rsquo;accueillons donc pas de nouveaux ou nouvelles membres en cours de saison.<\/p>\n\n\n\n<p>Depuis le d\u00e9but, nous nous demandons comment concilier notre souci d&rsquo;inclusivit\u00e9 avec notre d\u00e9sir de qualit\u00e9 musicale. Nous voulons donner \u00e0 chacun.e la m\u00eame chance de nous rejoindre. Au d\u00e9but de notre histoire, toutes les personnes qui s&rsquo;inscrivaient sur notre liste d&rsquo;attente \u00e9taient invit\u00e9es \u00e0 passer l&rsquo;audition. En saison 1, notre cheffe de choeur a ainsi vu d\u00e9filer plus de 70 candidat.e.s. Tr\u00e8s vite, ce mod\u00e8le a atteint ses limites. A partir du moment o\u00f9 nous n&rsquo;avions besoin que d&rsquo;une dizaine de nouveaux membres par saison, auditionner autant de monde n&rsquo;avait plus beaucoup de sens. De plus, le sentiment de perte de temps \u00e9tait grand car plusieurs candidat.e.s ne se pr\u00e9sentaient pas \u00e0 l&rsquo;audition, et leurs motivations ne nous semblaient pas toujours tr\u00e8s claires.<\/p>\n\n\n\n<p>C&rsquo;est finalement la pand\u00e9mie qui nous a oblig\u00e9s \u00e0 nous adapter. Vu qu&rsquo;il \u00e9tait impossible de recevoir autant de monde en pr\u00e9sentiel \u00e0 l&rsquo;\u00e9t\u00e9 2020, nous avons test\u00e9 une m\u00e9thode d&rsquo;auditions \u00e0 distance. Tout d&rsquo;abord, nous avons adapt\u00e9 notre formulaire en ligne de fa\u00e7on \u00e0 ce que chaque candidat.e nous fasse part de ses motivations \u00e0 rejoindre la chorale. Nous avons ensuite envoy\u00e9 \u00e0 chaque personne inscrite sur notre liste d&rsquo;attente les partitions de deux de nos chansons et les enregistrements par voix. Pour pouvoir auditionner face \u00e0 notre cheffe de choeur, les candidat.e.s doivent nous faire parvenir un enregistrement d&rsquo;un extrait pr\u00e9d\u00e9fini. Cela nous permet de tester leur motivation car ils ont un travail pr\u00e9alable \u00e0 faire \u00e0 domicile. Nous avons remarqu\u00e9 qu&rsquo;un peu plus d&rsquo;un tiers des candidat.e.s nous envoyait des fichiers. Apr\u00e8s \u00e9coute par notre cheffe de choeur, environ 2\/3 d&rsquo;entre eux acc\u00e8dent \u00e0 la rencontre r\u00e9elle. Cette rencontre se d\u00e9roule en trois parties : d&rsquo;abord une pr\u00e9sentation de notre brochure d&rsquo;accueil par plusieurs de nos membres et une s\u00e9ance de questions-r\u00e9ponses sur le projet de la chorale et son fonctionnement, ensuite une audition avec notre cheffe de choeur qui \u00e9value la tessiture de chaque personne. Enfin les candidat.e.s, accompagn\u00e9.e.s par des membres de Sing Out chantent en choeur les deux chansons pr\u00e9par\u00e9es pour l&rsquo;audition.<\/p>\n\n\n\n<p>Ce cadre tr\u00e8s formel laisse de la place \u00e0 la souplesse. Ainsi, dans le mail envoy\u00e9 aux candidat.e.s, nous expliquons que si cette m\u00e9thode ne leur convient pas, iels peuvent nous en parler afin de b\u00e9n\u00e9ficier d&rsquo;une formule adapt\u00e9e. Iels peuvent \u00e9galement venir accompagn\u00e9.e.s \u00e0 l&rsquo;audition en pr\u00e9sence.<\/p>\n\n\n\n<p>Cette ann\u00e9e, sur 65 candidat.e.s inscrits en liste d&rsquo;attente, 25 ont envoy\u00e9 des fichiers, 18 ont \u00e9t\u00e9 invit\u00e9.e.s \u00e0 auditionner et 15 ont finalement \u00e9t\u00e9 retenu.e.s (trois personnes ne se sont pas pr\u00e9sent\u00e9es ou ont \u00e9t\u00e9 plac\u00e9es en liste d&rsquo;attente).<\/p>\n\n\n\n<p>Cette m\u00e9thode pr\u00e9sente plusieurs avantages :<\/p>\n\n\n\n<ul class=\"wp-block-list\"><li>Nous s\u00e9lectionnons des personnes r\u00e9ellement investies et pr\u00eates \u00e0 travailler leurs morceaux.<\/li><li>Les personnes choisies ont le sentiment d&rsquo;\u00eatre privil\u00e9gi\u00e9es car elles ont franchi avec succ\u00e8s plusieurs \u00e9preuves.<\/li><li>Des liens forts se cr\u00e9ent entre les personnes qui se rencontrent lors des auditions, ce qui facilite leur int\u00e9gration dans la chorale.<\/li><\/ul>\n\n\n\n<p>Mais elle pr\u00e9sente aussi des inconv\u00e9nients :<\/p>\n\n\n\n<ul class=\"wp-block-list\"><li>Les personnes qui n&rsquo;ont jamais chant\u00e9 en chorale sont d\u00e9savantag\u00e9es car livr\u00e9es \u00e0 elles-m\u00eames face \u00e0 l&rsquo;exercice \u00e0 r\u00e9aliser \u00e0 distance.<\/li><li>L&rsquo;exercice n\u00e9cessite de disposer et de ma\u00eetriser certains outils technologiques (enregistrement avec un smartphone par exemple).<\/li><li>Les personnes qui sont peu s\u00fbres d&rsquo;elles n&rsquo;osent peut-\u00eatre pas se pr\u00eater \u00e0 l&rsquo;exercice. D&rsquo;autant plus qu&rsquo;il est particuli\u00e8rement difficile d&rsquo;\u00eatre confront\u00e9 \u00e0 sa propre voix. Peu nous contactent pour demander un exercice adapt\u00e9<\/li><li>Ce syst\u00e8me nous semble discriminant car notre chorale reste majoritairement blanche, gay et lesbienne, et d&rsquo;un niveau socio-\u00e9conomique \u00e9lev\u00e9. Les personnes trans, les personnes racis\u00e9es, les personnes aux revenus plus faibles, ne participent pas aux auditions. Peut-\u00eatre pour les raisons cit\u00e9es plus haut.<\/li><li>De nombreuses personnes attendent le mois de septembre pour s&rsquo;inscrire aux auditions et arrivent donc trop tard. Rares sont celles qui r\u00e9agissent quand on les recontacte dix mois plus tard pour auditionner.<\/li><\/ul>\n\n\n\n<p>Cette m\u00e9thode de recrutement nous semble pour l&rsquo;instant la meilleure vu le grand nombre de demandes que nous recevons. Elle n&rsquo;est certainement pas parfaite mais elle fait l&rsquo;objet d&rsquo;une \u00e9valuation constante.<\/p>\n\n\n\n<p>Et vous ? Comment se d\u00e9roulent les auditions dans votre chorale ? Avez-vous de bonnes pratiques \u00e0 partager, ou des conseils \u00e0 nous donner ? N&rsquo;h\u00e9sitez pas \u00e0 nous contacter !<\/p>\n<\/div><\/div>\n\n\n\n<p><\/p>\n","protected":false},"excerpt":{"rendered":"<p>En tant que groupe inclusif, nous aimerions bien s\u00fbr accueillir toutes les personnes qui souhaitent nous rejoindre. Mais c&rsquo;est impossible ! <\/p>\n","protected":false},"author":1,"featured_media":13,"comment_status":"closed","ping_status":"closed","sticky":false,"template":"","format":"standard","meta":{"footnotes":""},"categories":[10],"tags":[],"class_list":["post-12","post","type-post","status-publish","format-standard","has-post-thumbnail","hentry","category-actualites","entry"],"yoast_head":"<!-- This site is optimized with the Yoast SEO plugin v19.14 - https:\/\/yoast.com\/wordpress\/plugins\/seo\/ -->\n<title>Auditions 2021 : Concilier qualit\u00e9 et inclusivit\u00e9 - Sing Out Brussels!<\/title>\n<meta name=\"robots\" content=\"index, follow, max-snippet:-1, max-image-preview:large, max-video-preview:-1\" \/>\n<link rel=\"canonical\" href=\"https:\/\/singout.brussels\/fr\/2021\/09\/09\/auditions-2021-fr\/\" \/>\n<meta property=\"og:locale\" content=\"fr_FR\" \/>\n<meta property=\"og:type\" content=\"article\" \/>\n<meta property=\"og:title\" content=\"Auditions 2021 : Concilier qualit\u00e9 et inclusivit\u00e9 - Sing Out Brussels!\" \/>\n<meta property=\"og:description\" content=\"En tant que groupe inclusif, nous aimerions bien s\u00fbr accueillir toutes les personnes qui souhaitent nous rejoindre. Mais c&#039;est impossible !\" \/>\n<meta property=\"og:url\" content=\"https:\/\/singout.brussels\/fr\/2021\/09\/09\/auditions-2021-fr\/\" \/>\n<meta property=\"og:site_name\" content=\"Sing Out Brussels!\" \/>\n<meta property=\"article:published_time\" content=\"2021-09-09T08:09:49+00:00\" \/>\n<meta property=\"article:modified_time\" content=\"2021-10-28T11:16:41+00:00\" \/>\n<meta property=\"og:image\" content=\"https:\/\/singout.brussels\/wp-content\/uploads\/2021\/09\/SINGOUT1819_RECR-WEB-FB-EVENT-01.png\" \/>\n\t<meta property=\"og:image:width\" content=\"1200\" \/>\n\t<meta property=\"og:image:height\" content=\"676\" \/>\n\t<meta property=\"og:image:type\" content=\"image\/png\" \/>\n<meta name=\"author\" content=\"singoutbrussels\" \/>\n<meta name=\"twitter:card\" content=\"summary_large_image\" \/>\n<meta name=\"twitter:label1\" content=\"\u00c9crit par\" \/>\n\t<meta name=\"twitter:data1\" content=\"singoutbrussels\" \/>\n\t<meta name=\"twitter:label2\" content=\"Dur\u00e9e de lecture estim\u00e9e\" \/>\n\t<meta name=\"twitter:data2\" content=\"4 minutes\" \/>\n<script type=\"application\/ld+json\" class=\"yoast-schema-graph\">{\"@context\":\"https:\/\/schema.org\",\"@graph\":[{\"@type\":\"Article\",\"@id\":\"https:\/\/singout.brussels\/fr\/2021\/09\/09\/auditions-2021-fr\/#article\",\"isPartOf\":{\"@id\":\"https:\/\/singout.brussels\/fr\/2021\/09\/09\/auditions-2021-fr\/\"},\"author\":{\"name\":\"singoutbrussels\",\"@id\":\"https:\/\/singout.brussels\/#\/schema\/person\/3a023e533e5a5e5993bb01ab7d1c15de\"},\"headline\":\"Auditions 2021 : Concilier qualit\u00e9 et inclusivit\u00e9\",\"datePublished\":\"2021-09-09T08:09:49+00:00\",\"dateModified\":\"2021-10-28T11:16:41+00:00\",\"mainEntityOfPage\":{\"@id\":\"https:\/\/singout.brussels\/fr\/2021\/09\/09\/auditions-2021-fr\/\"},\"wordCount\":895,\"publisher\":{\"@id\":\"https:\/\/singout.brussels\/#organization\"},\"articleSection\":[\"Actualit\u00e9s\"],\"inLanguage\":\"fr-FR\"},{\"@type\":\"WebPage\",\"@id\":\"https:\/\/singout.brussels\/fr\/2021\/09\/09\/auditions-2021-fr\/\",\"url\":\"https:\/\/singout.brussels\/fr\/2021\/09\/09\/auditions-2021-fr\/\",\"name\":\"Auditions 2021 : Concilier qualit\u00e9 et inclusivit\u00e9 - Sing Out Brussels!\",\"isPartOf\":{\"@id\":\"https:\/\/singout.brussels\/#website\"},\"datePublished\":\"2021-09-09T08:09:49+00:00\",\"dateModified\":\"2021-10-28T11:16:41+00:00\",\"breadcrumb\":{\"@id\":\"https:\/\/singout.brussels\/fr\/2021\/09\/09\/auditions-2021-fr\/#breadcrumb\"},\"inLanguage\":\"fr-FR\",\"potentialAction\":[{\"@type\":\"ReadAction\",\"target\":[\"https:\/\/singout.brussels\/fr\/2021\/09\/09\/auditions-2021-fr\/\"]}]},{\"@type\":\"BreadcrumbList\",\"@id\":\"https:\/\/singout.brussels\/fr\/2021\/09\/09\/auditions-2021-fr\/#breadcrumb\",\"itemListElement\":[{\"@type\":\"ListItem\",\"position\":1,\"name\":\"Home\",\"item\":\"https:\/\/singout.brussels\/fr\/\"},{\"@type\":\"ListItem\",\"position\":2,\"name\":\"Auditions 2021 : Concilier qualit\u00e9 et inclusivit\u00e9\"}]},{\"@type\":\"WebSite\",\"@id\":\"https:\/\/singout.brussels\/#website\",\"url\":\"https:\/\/singout.brussels\/\",\"name\":\"Sing Out Brussels!\",\"description\":\"The Fabulous Queer Choir of Brussels\",\"publisher\":{\"@id\":\"https:\/\/singout.brussels\/#organization\"},\"potentialAction\":[{\"@type\":\"SearchAction\",\"target\":{\"@type\":\"EntryPoint\",\"urlTemplate\":\"https:\/\/singout.brussels\/?s={search_term_string}\"},\"query-input\":\"required name=search_term_string\"}],\"inLanguage\":\"fr-FR\"},{\"@type\":\"Organization\",\"@id\":\"https:\/\/singout.brussels\/#organization\",\"name\":\"Sing Out Brussels!\",\"url\":\"https:\/\/singout.brussels\/\",\"logo\":{\"@type\":\"ImageObject\",\"inLanguage\":\"fr-FR\",\"@id\":\"https:\/\/singout.brussels\/#\/schema\/logo\/image\/\",\"url\":\"https:\/\/singout.brussels\/wp-content\/uploads\/2021\/10\/logo-32-32.png\",\"contentUrl\":\"https:\/\/singout.brussels\/wp-content\/uploads\/2021\/10\/logo-32-32.png\",\"width\":3286,\"height\":717,\"caption\":\"Sing Out Brussels!\"},\"image\":{\"@id\":\"https:\/\/singout.brussels\/#\/schema\/logo\/image\/\"}},{\"@type\":\"Person\",\"@id\":\"https:\/\/singout.brussels\/#\/schema\/person\/3a023e533e5a5e5993bb01ab7d1c15de\",\"name\":\"singoutbrussels\",\"image\":{\"@type\":\"ImageObject\",\"inLanguage\":\"fr-FR\",\"@id\":\"https:\/\/singout.brussels\/#\/schema\/person\/image\/\",\"url\":\"https:\/\/secure.gravatar.com\/avatar\/bb753eed49a2032140a1d8822a5d1c70333a582dd9dcb367654b8a3462f5219d?s=96&d=mm&r=g\",\"contentUrl\":\"https:\/\/secure.gravatar.com\/avatar\/bb753eed49a2032140a1d8822a5d1c70333a582dd9dcb367654b8a3462f5219d?s=96&d=mm&r=g\",\"caption\":\"singoutbrussels\"},\"sameAs\":[\"https:\/\/singout.brussels\"],\"url\":\"https:\/\/singout.brussels\/fr\/author\/singoutbrussels\/\"}]}<\/script>\n<!-- \/ Yoast SEO plugin. -->","yoast_head_json":{"title":"Auditions 2021 : Concilier qualit\u00e9 et inclusivit\u00e9 - Sing Out Brussels!","robots":{"index":"index","follow":"follow","max-snippet":"max-snippet:-1","max-image-preview":"max-image-preview:large","max-video-preview":"max-video-preview:-1"},"canonical":"https:\/\/singout.brussels\/fr\/2021\/09\/09\/auditions-2021-fr\/","og_locale":"fr_FR","og_type":"article","og_title":"Auditions 2021 : Concilier qualit\u00e9 et inclusivit\u00e9 - Sing Out Brussels!","og_description":"En tant que groupe inclusif, nous aimerions bien s\u00fbr accueillir toutes les personnes qui souhaitent nous rejoindre. Mais c'est impossible !","og_url":"https:\/\/singout.brussels\/fr\/2021\/09\/09\/auditions-2021-fr\/","og_site_name":"Sing Out Brussels!","article_published_time":"2021-09-09T08:09:49+00:00","article_modified_time":"2021-10-28T11:16:41+00:00","og_image":[{"width":1200,"height":676,"url":"https:\/\/singout.brussels\/wp-content\/uploads\/2021\/09\/SINGOUT1819_RECR-WEB-FB-EVENT-01.png","type":"image\/png"}],"author":"singoutbrussels","twitter_card":"summary_large_image","twitter_misc":{"\u00c9crit par":"singoutbrussels","Dur\u00e9e de lecture estim\u00e9e":"4 minutes"},"schema":{"@context":"https:\/\/schema.org","@graph":[{"@type":"Article","@id":"https:\/\/singout.brussels\/fr\/2021\/09\/09\/auditions-2021-fr\/#article","isPartOf":{"@id":"https:\/\/singout.brussels\/fr\/2021\/09\/09\/auditions-2021-fr\/"},"author":{"name":"singoutbrussels","@id":"https:\/\/singout.brussels\/#\/schema\/person\/3a023e533e5a5e5993bb01ab7d1c15de"},"headline":"Auditions 2021 : Concilier qualit\u00e9 et inclusivit\u00e9","datePublished":"2021-09-09T08:09:49+00:00","dateModified":"2021-10-28T11:16:41+00:00","mainEntityOfPage":{"@id":"https:\/\/singout.brussels\/fr\/2021\/09\/09\/auditions-2021-fr\/"},"wordCount":895,"publisher":{"@id":"https:\/\/singout.brussels\/#organization"},"articleSection":["Actualit\u00e9s"],"inLanguage":"fr-FR"},{"@type":"WebPage","@id":"https:\/\/singout.brussels\/fr\/2021\/09\/09\/auditions-2021-fr\/","url":"https:\/\/singout.brussels\/fr\/2021\/09\/09\/auditions-2021-fr\/","name":"Auditions 2021 : Concilier qualit\u00e9 et inclusivit\u00e9 - Sing Out Brussels!","isPartOf":{"@id":"https:\/\/singout.brussels\/#website"},"datePublished":"2021-09-09T08:09:49+00:00","dateModified":"2021-10-28T11:16:41+00:00","breadcrumb":{"@id":"https:\/\/singout.brussels\/fr\/2021\/09\/09\/auditions-2021-fr\/#breadcrumb"},"inLanguage":"fr-FR","potentialAction":[{"@type":"ReadAction","target":["https:\/\/singout.brussels\/fr\/2021\/09\/09\/auditions-2021-fr\/"]}]},{"@type":"BreadcrumbList","@id":"https:\/\/singout.brussels\/fr\/2021\/09\/09\/auditions-2021-fr\/#breadcrumb","itemListElement":[{"@type":"ListItem","position":1,"name":"Home","item":"https:\/\/singout.brussels\/fr\/"},{"@type":"ListItem","position":2,"name":"Auditions 2021 : Concilier qualit\u00e9 et inclusivit\u00e9"}]},{"@type":"WebSite","@id":"https:\/\/singout.brussels\/#website","url":"https:\/\/singout.brussels\/","name":"Sing Out Brussels!","description":"The Fabulous Queer Choir of Brussels","publisher":{"@id":"https:\/\/singout.brussels\/#organization"},"potentialAction":[{"@type":"SearchAction","target":{"@type":"EntryPoint","urlTemplate":"https:\/\/singout.brussels\/?s={search_term_string}"},"query-input":"required name=search_term_string"}],"inLanguage":"fr-FR"},{"@type":"Organization","@id":"https:\/\/singout.brussels\/#organization","name":"Sing Out Brussels!","url":"https:\/\/singout.brussels\/","logo":{"@type":"ImageObject","inLanguage":"fr-FR","@id":"https:\/\/singout.brussels\/#\/schema\/logo\/image\/","url":"https:\/\/singout.brussels\/wp-content\/uploads\/2021\/10\/logo-32-32.png","contentUrl":"https:\/\/singout.brussels\/wp-content\/uploads\/2021\/10\/logo-32-32.png","width":3286,"height":717,"caption":"Sing Out Brussels!"},"image":{"@id":"https:\/\/singout.brussels\/#\/schema\/logo\/image\/"}},{"@type":"Person","@id":"https:\/\/singout.brussels\/#\/schema\/person\/3a023e533e5a5e5993bb01ab7d1c15de","name":"singoutbrussels","image":{"@type":"ImageObject","inLanguage":"fr-FR","@id":"https:\/\/singout.brussels\/#\/schema\/person\/image\/","url":"https:\/\/secure.gravatar.com\/avatar\/bb753eed49a2032140a1d8822a5d1c70333a582dd9dcb367654b8a3462f5219d?s=96&d=mm&r=g","contentUrl":"https:\/\/secure.gravatar.com\/avatar\/bb753eed49a2032140a1d8822a5d1c70333a582dd9dcb367654b8a3462f5219d?s=96&d=mm&r=g","caption":"singoutbrussels"},"sameAs":["https:\/\/singout.brussels"],"url":"https:\/\/singout.brussels\/fr\/author\/singoutbrussels\/"}]}},"_links":{"self":[{"href":"https:\/\/singout.brussels\/fr\/wp-json\/wp\/v2\/posts\/12","targetHints":{"allow":["GET"]}}],"collection":[{"href":"https:\/\/singout.brussels\/fr\/wp-json\/wp\/v2\/posts"}],"about":[{"href":"https:\/\/singout.brussels\/fr\/wp-json\/wp\/v2\/types\/post"}],"author":[{"embeddable":true,"href":"https:\/\/singout.brussels\/fr\/wp-json\/wp\/v2\/users\/1"}],"replies":[{"embeddable":true,"href":"https:\/\/singout.brussels\/fr\/wp-json\/wp\/v2\/comments?post=12"}],"version-history":[{"count":7,"href":"https:\/\/singout.brussels\/fr\/wp-json\/wp\/v2\/posts\/12\/revisions"}],"predecessor-version":[{"id":1278,"href":"https:\/\/singout.brussels\/fr\/wp-json\/wp\/v2\/posts\/12\/revisions\/1278"}],"wp:featuredmedia":[{"embeddable":true,"href":"https:\/\/singout.brussels\/fr\/wp-json\/wp\/v2\/media\/13"}],"wp:attachment":[{"href":"https:\/\/singout.brussels\/fr\/wp-json\/wp\/v2\/media?parent=12"}],"wp:term":[{"taxonomy":"category","embeddable":true,"href":"https:\/\/singout.brussels\/fr\/wp-json\/wp\/v2\/categories?post=12"},{"taxonomy":"post_tag","embeddable":true,"href":"https:\/\/singout.brussels\/fr\/wp-json\/wp\/v2\/tags?post=12"}],"curies":[{"name":"wp","href":"https:\/\/api.w.org\/{rel}","templated":true}]}}