{"id":1689,"date":"2021-10-30T14:38:00","date_gmt":"2021-10-30T12:38:00","guid":{"rendered":"https:\/\/singout.brussels\/?p=1689"},"modified":"2021-10-30T14:37:17","modified_gmt":"2021-10-30T12:37:17","slug":"le-festival-international-des-chorales-lgbtqi-various-voices-aura-lieu-a-bruxelles-en-2026","status":"publish","type":"post","link":"https:\/\/singout.brussels\/fr\/2021\/10\/30\/le-festival-international-des-chorales-lgbtqi-various-voices-aura-lieu-a-bruxelles-en-2026\/","title":{"rendered":"Le festival international des chorales LGBTQI+ Various Voices aura lieu \u00e0 Bruxelles en 2026"},"content":{"rendered":"\n<p><strong>Barcelone et Bruxelles \u00e9taient en lice pour d\u00e9crocher l\u2019organisation de ce festival organis\u00e9 tous les quatre ans. Ce 30 octobre, la candidature de la chorale Sing Out Brussels!, soutenue par visit.brussels, l\u2019a emport\u00e9.<\/strong><\/p>\n\n\n\n<p>Sing Out Brussels! est une chorale LGBTQI+ cr\u00e9\u00e9e en 2018, avec une ambition internationale. \u00ab&nbsp;Nous nous voyons comme les ambassadeurs chantants de la communaut\u00e9 LGBTQI+ de Bruxelles, en Belgique comme \u00e0 l\u2019\u00e9tranger&nbsp;\u00bb, expliquent Marina Belotti et Christophe Cordier, responsables du projet Various Voices 2026. \u00ab&nbsp;Pendant un an et demi, nous avons pr\u00e9par\u00e9 notre <a href=\"https:\/\/singout.brussels\/various-voices-2026-fr\/?lang=fr\">candidature <\/a>pour accueillir ce festival qui rassemble une centaine de chorales et pr\u00e8s de 4000 choristes issus des quatre coins de l\u2019Europe, mais aussi d\u2019Am\u00e9rique du Nord, d\u2019Asie ou d\u2019Oc\u00e9anie&nbsp;\u00bb.&nbsp;<\/p>\n\n\n\n<p>La candidature a \u00e9t\u00e9 soutenue par <a href=\"http:\/\/www.visit.brussels\">visit.brussels<\/a> dans le cadre de son Support Program. \u00ab Bruxelles, capitale d&rsquo;un pays toujours \u00e0 la pointe des droits LGBTQI+, a toujours \u00e9t\u00e9 ouverte \u00e0 la diversit\u00e9 \u00bb, d\u00e9clarent&nbsp;Fr\u00e9d\u00e9rick Boutry, en charge de la strat\u00e9gie touristique LGBTQI+ et&nbsp;Margaux Huvelle, Meeting Expert. \u00ab&nbsp;Avec plus de 10 000 nuit\u00e9es sur Bruxelles, ce festival, en plus d&rsquo;illustrer les valeurs que la R\u00e9gion de Bruxelles-Capitale met en avant, aura un impact extr\u00eamement positif sur le secteur touristique bruxellois, ce qui est une tr\u00e8s bonne nouvelle&nbsp;\u00bb.<\/p>\n\n\n\n<p>Le slogan du festival est \u00ab&nbsp;Let your heart be heard&nbsp;\u00bb.&nbsp;\u00ab&nbsp;En chantant ensemble dans la capitale de l\u2019Union europ\u00e9enne, nous d\u00e9livrerons un message fort et un signal clair \u00e0 destination des pays o\u00f9 notre communaut\u00e9 est confront\u00e9e \u00e0 des attaques r\u00e9p\u00e9t\u00e9es&nbsp;\u00bb, expliquent Marina Belotti et Christophe Cordier. Le point culminant du festival sera d\u2019ailleurs la soir\u00e9e \u00ab Let Your Heart Be Heard \u00bb, dans le quartier europ\u00e9en. Toutes les chorales participantes y interpr\u00e9teront une \u0153uvre compos\u00e9e pour l\u2019occasion. Organis\u00e9 pendant 5 jours en juin 2026, le festival sera ouvert sur la ville et sa population. Outre les concerts pr\u00e9vus en salle, des \u00e9v\u00e9nements gratuits auront lieu en plein air, notamment sur la Grand-Place de Bruxelles, ainsi que dans les rues et parcs de la capitale.&nbsp;<\/p>\n\n\n\n<p>Les membres de la f\u00e9d\u00e9ration europ\u00e9enne des chorales LGBTQI+ <a href=\"https:\/\/www.legato-choirs.com\">Legato<\/a> et son Conseil d\u2019administration ont d\u00e9partag\u00e9 les villes-candidates via un vote en ligne dont les r\u00e9sultats ont \u00e9t\u00e9 communiqu\u00e9s ce samedi. Bruxelles succ\u00e8de ainsi \u00e0 Londres, Dublin et Munich qui ont accueilli les pr\u00e9c\u00e9dentes \u00e9ditions. Le prochain festival aura lieu \u00e0 Bologne en juin 2023 (report\u00e9 d\u2019un an en raison de la crise sanitaire).&nbsp;&nbsp;<\/p>\n\n\n\n<p>\u00ab&nbsp;Pendant 18 mois, la pand\u00e9mie a r\u00e9duit les chorales et la vie culturelle au silence. Le secteur touristique bruxellois a aussi \u00e9norm\u00e9ment souffert. Ce projet qui vise \u00e0 rassembler la communaut\u00e9 LGBTQI+ et la population bruxelloise autour des m\u00eames valeurs nous tourne donc vers l\u2019avenir et nous donne beaucoup d\u2019espoir&nbsp;\u00bb, concluent les responsables de la chorale Sing Out Brussels!<\/p>\n\n\n\n<p><a href=\"https:\/\/singout.brussels\/various-voices-2026-fr\/?lang=fr\">Lire le dossier et voir la vid\u00e9o de candidature <\/a><\/p>\n","protected":false},"excerpt":{"rendered":"<p>Barcelone et Bruxelles \u00e9taient en lice pour d\u00e9crocher l\u2019organisation de ce festival organis\u00e9 tous les quatre ans. Ce 30 octobre, la candidature de la chorale Sing Out Brussels!, soutenue par visit.brussels, l\u2019a emport\u00e9.<\/p>\n","protected":false},"author":1,"featured_media":1681,"comment_status":"closed","ping_status":"open","sticky":false,"template":"","format":"standard","meta":{"footnotes":""},"categories":[10],"tags":[],"class_list":["post-1689","post","type-post","status-publish","format-standard","has-post-thumbnail","hentry","category-actualites","entry"],"yoast_head":"<!-- This site is optimized with the Yoast SEO plugin v19.14 - https:\/\/yoast.com\/wordpress\/plugins\/seo\/ -->\n<title>Le festival international des chorales LGBTQI+ Various Voices aura lieu \u00e0 Bruxelles en 2026 - Sing Out Brussels!<\/title>\n<meta name=\"robots\" content=\"index, follow, max-snippet:-1, max-image-preview:large, max-video-preview:-1\" \/>\n<link rel=\"canonical\" href=\"https:\/\/singout.brussels\/fr\/2021\/10\/30\/le-festival-international-des-chorales-lgbtqi-various-voices-aura-lieu-a-bruxelles-en-2026\/\" \/>\n<meta property=\"og:locale\" content=\"fr_FR\" \/>\n<meta property=\"og:type\" content=\"article\" \/>\n<meta property=\"og:title\" content=\"Le festival international des chorales LGBTQI+ Various Voices aura lieu \u00e0 Bruxelles en 2026 - Sing Out Brussels!\" \/>\n<meta property=\"og:description\" content=\"Barcelone et Bruxelles \u00e9taient en lice pour d\u00e9crocher l\u2019organisation de ce festival organis\u00e9 tous les quatre ans. Ce 30 octobre, la candidature de la chorale Sing Out Brussels!, soutenue par visit.brussels, l\u2019a emport\u00e9.\" \/>\n<meta property=\"og:url\" content=\"https:\/\/singout.brussels\/fr\/2021\/10\/30\/le-festival-international-des-chorales-lgbtqi-various-voices-aura-lieu-a-bruxelles-en-2026\/\" \/>\n<meta property=\"og:site_name\" content=\"Sing Out Brussels!\" \/>\n<meta property=\"article:published_time\" content=\"2021-10-30T12:38:00+00:00\" \/>\n<meta property=\"article:modified_time\" content=\"2021-10-30T12:37:17+00:00\" \/>\n<meta property=\"og:image\" content=\"https:\/\/singout.brussels\/wp-content\/uploads\/2021\/10\/001_VARIOUS_VOICES_RS1-PAGE_OK1.jpg\" \/>\n\t<meta property=\"og:image:width\" content=\"2050\" \/>\n\t<meta property=\"og:image:height\" content=\"780\" \/>\n\t<meta property=\"og:image:type\" content=\"image\/jpeg\" \/>\n<meta name=\"author\" content=\"singoutbrussels\" \/>\n<meta name=\"twitter:card\" content=\"summary_large_image\" \/>\n<meta name=\"twitter:label1\" content=\"\u00c9crit par\" \/>\n\t<meta name=\"twitter:data1\" content=\"singoutbrussels\" \/>\n\t<meta name=\"twitter:label2\" content=\"Dur\u00e9e de lecture estim\u00e9e\" \/>\n\t<meta name=\"twitter:data2\" content=\"3 minutes\" \/>\n<script type=\"application\/ld+json\" class=\"yoast-schema-graph\">{\"@context\":\"https:\/\/schema.org\",\"@graph\":[{\"@type\":\"Article\",\"@id\":\"https:\/\/singout.brussels\/fr\/2021\/10\/30\/le-festival-international-des-chorales-lgbtqi-various-voices-aura-lieu-a-bruxelles-en-2026\/#article\",\"isPartOf\":{\"@id\":\"https:\/\/singout.brussels\/fr\/2021\/10\/30\/le-festival-international-des-chorales-lgbtqi-various-voices-aura-lieu-a-bruxelles-en-2026\/\"},\"author\":{\"name\":\"singoutbrussels\",\"@id\":\"https:\/\/singout.brussels\/#\/schema\/person\/3a023e533e5a5e5993bb01ab7d1c15de\"},\"headline\":\"Le festival international des chorales LGBTQI+ Various Voices aura lieu \u00e0 Bruxelles en 2026\",\"datePublished\":\"2021-10-30T12:38:00+00:00\",\"dateModified\":\"2021-10-30T12:37:17+00:00\",\"mainEntityOfPage\":{\"@id\":\"https:\/\/singout.brussels\/fr\/2021\/10\/30\/le-festival-international-des-chorales-lgbtqi-various-voices-aura-lieu-a-bruxelles-en-2026\/\"},\"wordCount\":527,\"publisher\":{\"@id\":\"https:\/\/singout.brussels\/#organization\"},\"articleSection\":[\"Actualit\u00e9s\"],\"inLanguage\":\"fr-FR\"},{\"@type\":\"WebPage\",\"@id\":\"https:\/\/singout.brussels\/fr\/2021\/10\/30\/le-festival-international-des-chorales-lgbtqi-various-voices-aura-lieu-a-bruxelles-en-2026\/\",\"url\":\"https:\/\/singout.brussels\/fr\/2021\/10\/30\/le-festival-international-des-chorales-lgbtqi-various-voices-aura-lieu-a-bruxelles-en-2026\/\",\"name\":\"Le festival international des chorales LGBTQI+ Various Voices aura lieu \u00e0 Bruxelles en 2026 - Sing Out Brussels!\",\"isPartOf\":{\"@id\":\"https:\/\/singout.brussels\/#website\"},\"datePublished\":\"2021-10-30T12:38:00+00:00\",\"dateModified\":\"2021-10-30T12:37:17+00:00\",\"breadcrumb\":{\"@id\":\"https:\/\/singout.brussels\/fr\/2021\/10\/30\/le-festival-international-des-chorales-lgbtqi-various-voices-aura-lieu-a-bruxelles-en-2026\/#breadcrumb\"},\"inLanguage\":\"fr-FR\",\"potentialAction\":[{\"@type\":\"ReadAction\",\"target\":[\"https:\/\/singout.brussels\/fr\/2021\/10\/30\/le-festival-international-des-chorales-lgbtqi-various-voices-aura-lieu-a-bruxelles-en-2026\/\"]}]},{\"@type\":\"BreadcrumbList\",\"@id\":\"https:\/\/singout.brussels\/fr\/2021\/10\/30\/le-festival-international-des-chorales-lgbtqi-various-voices-aura-lieu-a-bruxelles-en-2026\/#breadcrumb\",\"itemListElement\":[{\"@type\":\"ListItem\",\"position\":1,\"name\":\"Home\",\"item\":\"https:\/\/singout.brussels\/fr\/\"},{\"@type\":\"ListItem\",\"position\":2,\"name\":\"Le festival international des chorales LGBTQI+ Various Voices aura lieu \u00e0 Bruxelles en 2026\"}]},{\"@type\":\"WebSite\",\"@id\":\"https:\/\/singout.brussels\/#website\",\"url\":\"https:\/\/singout.brussels\/\",\"name\":\"Sing Out Brussels!\",\"description\":\"The Fabulous Queer Choir of Brussels\",\"publisher\":{\"@id\":\"https:\/\/singout.brussels\/#organization\"},\"potentialAction\":[{\"@type\":\"SearchAction\",\"target\":{\"@type\":\"EntryPoint\",\"urlTemplate\":\"https:\/\/singout.brussels\/?s={search_term_string}\"},\"query-input\":\"required name=search_term_string\"}],\"inLanguage\":\"fr-FR\"},{\"@type\":\"Organization\",\"@id\":\"https:\/\/singout.brussels\/#organization\",\"name\":\"Sing Out Brussels!\",\"url\":\"https:\/\/singout.brussels\/\",\"logo\":{\"@type\":\"ImageObject\",\"inLanguage\":\"fr-FR\",\"@id\":\"https:\/\/singout.brussels\/#\/schema\/logo\/image\/\",\"url\":\"https:\/\/singout.brussels\/wp-content\/uploads\/2021\/10\/logo-32-32.png\",\"contentUrl\":\"https:\/\/singout.brussels\/wp-content\/uploads\/2021\/10\/logo-32-32.png\",\"width\":3286,\"height\":717,\"caption\":\"Sing Out Brussels!\"},\"image\":{\"@id\":\"https:\/\/singout.brussels\/#\/schema\/logo\/image\/\"}},{\"@type\":\"Person\",\"@id\":\"https:\/\/singout.brussels\/#\/schema\/person\/3a023e533e5a5e5993bb01ab7d1c15de\",\"name\":\"singoutbrussels\",\"image\":{\"@type\":\"ImageObject\",\"inLanguage\":\"fr-FR\",\"@id\":\"https:\/\/singout.brussels\/#\/schema\/person\/image\/\",\"url\":\"https:\/\/secure.gravatar.com\/avatar\/bb753eed49a2032140a1d8822a5d1c70333a582dd9dcb367654b8a3462f5219d?s=96&d=mm&r=g\",\"contentUrl\":\"https:\/\/secure.gravatar.com\/avatar\/bb753eed49a2032140a1d8822a5d1c70333a582dd9dcb367654b8a3462f5219d?s=96&d=mm&r=g\",\"caption\":\"singoutbrussels\"},\"sameAs\":[\"https:\/\/singout.brussels\"],\"url\":\"https:\/\/singout.brussels\/fr\/author\/singoutbrussels\/\"}]}<\/script>\n<!-- \/ Yoast SEO plugin. -->","yoast_head_json":{"title":"Le festival international des chorales LGBTQI+ Various Voices aura lieu \u00e0 Bruxelles en 2026 - Sing Out Brussels!","robots":{"index":"index","follow":"follow","max-snippet":"max-snippet:-1","max-image-preview":"max-image-preview:large","max-video-preview":"max-video-preview:-1"},"canonical":"https:\/\/singout.brussels\/fr\/2021\/10\/30\/le-festival-international-des-chorales-lgbtqi-various-voices-aura-lieu-a-bruxelles-en-2026\/","og_locale":"fr_FR","og_type":"article","og_title":"Le festival international des chorales LGBTQI+ Various Voices aura lieu \u00e0 Bruxelles en 2026 - Sing Out Brussels!","og_description":"Barcelone et Bruxelles \u00e9taient en lice pour d\u00e9crocher l\u2019organisation de ce festival organis\u00e9 tous les quatre ans. Ce 30 octobre, la candidature de la chorale Sing Out Brussels!, soutenue par visit.brussels, l\u2019a emport\u00e9.","og_url":"https:\/\/singout.brussels\/fr\/2021\/10\/30\/le-festival-international-des-chorales-lgbtqi-various-voices-aura-lieu-a-bruxelles-en-2026\/","og_site_name":"Sing Out Brussels!","article_published_time":"2021-10-30T12:38:00+00:00","article_modified_time":"2021-10-30T12:37:17+00:00","og_image":[{"width":2050,"height":780,"url":"https:\/\/singout.brussels\/wp-content\/uploads\/2021\/10\/001_VARIOUS_VOICES_RS1-PAGE_OK1.jpg","type":"image\/jpeg"}],"author":"singoutbrussels","twitter_card":"summary_large_image","twitter_misc":{"\u00c9crit par":"singoutbrussels","Dur\u00e9e de lecture estim\u00e9e":"3 minutes"},"schema":{"@context":"https:\/\/schema.org","@graph":[{"@type":"Article","@id":"https:\/\/singout.brussels\/fr\/2021\/10\/30\/le-festival-international-des-chorales-lgbtqi-various-voices-aura-lieu-a-bruxelles-en-2026\/#article","isPartOf":{"@id":"https:\/\/singout.brussels\/fr\/2021\/10\/30\/le-festival-international-des-chorales-lgbtqi-various-voices-aura-lieu-a-bruxelles-en-2026\/"},"author":{"name":"singoutbrussels","@id":"https:\/\/singout.brussels\/#\/schema\/person\/3a023e533e5a5e5993bb01ab7d1c15de"},"headline":"Le festival international des chorales LGBTQI+ Various Voices aura lieu \u00e0 Bruxelles en 2026","datePublished":"2021-10-30T12:38:00+00:00","dateModified":"2021-10-30T12:37:17+00:00","mainEntityOfPage":{"@id":"https:\/\/singout.brussels\/fr\/2021\/10\/30\/le-festival-international-des-chorales-lgbtqi-various-voices-aura-lieu-a-bruxelles-en-2026\/"},"wordCount":527,"publisher":{"@id":"https:\/\/singout.brussels\/#organization"},"articleSection":["Actualit\u00e9s"],"inLanguage":"fr-FR"},{"@type":"WebPage","@id":"https:\/\/singout.brussels\/fr\/2021\/10\/30\/le-festival-international-des-chorales-lgbtqi-various-voices-aura-lieu-a-bruxelles-en-2026\/","url":"https:\/\/singout.brussels\/fr\/2021\/10\/30\/le-festival-international-des-chorales-lgbtqi-various-voices-aura-lieu-a-bruxelles-en-2026\/","name":"Le festival international des chorales LGBTQI+ Various Voices aura lieu \u00e0 Bruxelles en 2026 - Sing Out Brussels!","isPartOf":{"@id":"https:\/\/singout.brussels\/#website"},"datePublished":"2021-10-30T12:38:00+00:00","dateModified":"2021-10-30T12:37:17+00:00","breadcrumb":{"@id":"https:\/\/singout.brussels\/fr\/2021\/10\/30\/le-festival-international-des-chorales-lgbtqi-various-voices-aura-lieu-a-bruxelles-en-2026\/#breadcrumb"},"inLanguage":"fr-FR","potentialAction":[{"@type":"ReadAction","target":["https:\/\/singout.brussels\/fr\/2021\/10\/30\/le-festival-international-des-chorales-lgbtqi-various-voices-aura-lieu-a-bruxelles-en-2026\/"]}]},{"@type":"BreadcrumbList","@id":"https:\/\/singout.brussels\/fr\/2021\/10\/30\/le-festival-international-des-chorales-lgbtqi-various-voices-aura-lieu-a-bruxelles-en-2026\/#breadcrumb","itemListElement":[{"@type":"ListItem","position":1,"name":"Home","item":"https:\/\/singout.brussels\/fr\/"},{"@type":"ListItem","position":2,"name":"Le festival international des chorales LGBTQI+ Various Voices aura lieu \u00e0 Bruxelles en 2026"}]},{"@type":"WebSite","@id":"https:\/\/singout.brussels\/#website","url":"https:\/\/singout.brussels\/","name":"Sing Out Brussels!","description":"The Fabulous Queer Choir of Brussels","publisher":{"@id":"https:\/\/singout.brussels\/#organization"},"potentialAction":[{"@type":"SearchAction","target":{"@type":"EntryPoint","urlTemplate":"https:\/\/singout.brussels\/?s={search_term_string}"},"query-input":"required name=search_term_string"}],"inLanguage":"fr-FR"},{"@type":"Organization","@id":"https:\/\/singout.brussels\/#organization","name":"Sing Out Brussels!","url":"https:\/\/singout.brussels\/","logo":{"@type":"ImageObject","inLanguage":"fr-FR","@id":"https:\/\/singout.brussels\/#\/schema\/logo\/image\/","url":"https:\/\/singout.brussels\/wp-content\/uploads\/2021\/10\/logo-32-32.png","contentUrl":"https:\/\/singout.brussels\/wp-content\/uploads\/2021\/10\/logo-32-32.png","width":3286,"height":717,"caption":"Sing Out Brussels!"},"image":{"@id":"https:\/\/singout.brussels\/#\/schema\/logo\/image\/"}},{"@type":"Person","@id":"https:\/\/singout.brussels\/#\/schema\/person\/3a023e533e5a5e5993bb01ab7d1c15de","name":"singoutbrussels","image":{"@type":"ImageObject","inLanguage":"fr-FR","@id":"https:\/\/singout.brussels\/#\/schema\/person\/image\/","url":"https:\/\/secure.gravatar.com\/avatar\/bb753eed49a2032140a1d8822a5d1c70333a582dd9dcb367654b8a3462f5219d?s=96&d=mm&r=g","contentUrl":"https:\/\/secure.gravatar.com\/avatar\/bb753eed49a2032140a1d8822a5d1c70333a582dd9dcb367654b8a3462f5219d?s=96&d=mm&r=g","caption":"singoutbrussels"},"sameAs":["https:\/\/singout.brussels"],"url":"https:\/\/singout.brussels\/fr\/author\/singoutbrussels\/"}]}},"_links":{"self":[{"href":"https:\/\/singout.brussels\/fr\/wp-json\/wp\/v2\/posts\/1689","targetHints":{"allow":["GET"]}}],"collection":[{"href":"https:\/\/singout.brussels\/fr\/wp-json\/wp\/v2\/posts"}],"about":[{"href":"https:\/\/singout.brussels\/fr\/wp-json\/wp\/v2\/types\/post"}],"author":[{"embeddable":true,"href":"https:\/\/singout.brussels\/fr\/wp-json\/wp\/v2\/users\/1"}],"replies":[{"embeddable":true,"href":"https:\/\/singout.brussels\/fr\/wp-json\/wp\/v2\/comments?post=1689"}],"version-history":[{"count":3,"href":"https:\/\/singout.brussels\/fr\/wp-json\/wp\/v2\/posts\/1689\/revisions"}],"predecessor-version":[{"id":1743,"href":"https:\/\/singout.brussels\/fr\/wp-json\/wp\/v2\/posts\/1689\/revisions\/1743"}],"wp:featuredmedia":[{"embeddable":true,"href":"https:\/\/singout.brussels\/fr\/wp-json\/wp\/v2\/media\/1681"}],"wp:attachment":[{"href":"https:\/\/singout.brussels\/fr\/wp-json\/wp\/v2\/media?parent=1689"}],"wp:term":[{"taxonomy":"category","embeddable":true,"href":"https:\/\/singout.brussels\/fr\/wp-json\/wp\/v2\/categories?post=1689"},{"taxonomy":"post_tag","embeddable":true,"href":"https:\/\/singout.brussels\/fr\/wp-json\/wp\/v2\/tags?post=1689"}],"curies":[{"name":"wp","href":"https:\/\/api.w.org\/{rel}","templated":true}]}}