{"id":2346,"date":"2022-02-24T15:10:39","date_gmt":"2022-02-24T14:10:39","guid":{"rendered":"https:\/\/singout.brussels\/?p=2346"},"modified":"2022-02-24T16:11:27","modified_gmt":"2022-02-24T15:11:27","slug":"notre-spectacle-de-juin-en-preparation-a-hastiere","status":"publish","type":"post","link":"https:\/\/singout.brussels\/fr\/2022\/02\/24\/notre-spectacle-de-juin-en-preparation-a-hastiere\/","title":{"rendered":"Notre spectacle de juin en pr\u00e9paration \u00e0 Hasti\u00e8re"},"content":{"rendered":"\n<p><strong>Pour pr\u00e9parer notre spectacle de juin, notre chorale est partie en week-end \u00e0 Hasti\u00e8re. Au programme : apprentissage des chants et chor\u00e9graphies. Comme toujours dans une excellente ambiance. <\/strong><\/p>\n\n\n\n<p>Durant ce week-end dans un grand g\u00eete \u00e0 Hasti\u00e8re, pr\u00e8s de Dinant, les 40 choristes ont profit\u00e9 d&rsquo;activit\u00e9s vari\u00e9es. Tout d&rsquo;abord, des r\u00e9p\u00e9titions pour apprendre les derniers chants du r\u00e9pertoire de notre spectacle <a href=\"https:\/\/singout.brussels\/fr\/2021\/10\/28\/dance-with-pride-2\/\" target=\"_blank\" rel=\"noreferrer noopener\">Dance With Pride<\/a> qui aura lieu le 11 juin 2022 au Centre Culturel d&rsquo;Uccle. Ensuite l&rsquo;apprentissage des chor\u00e9graphies qui accompagneront plusieurs de nos chansons. <\/p>\n\n\n\n<figure class=\"wp-block-image size-large\"><img loading=\"lazy\" decoding=\"async\" width=\"1024\" height=\"691\" src=\"https:\/\/singout.brussels\/wp-content\/uploads\/2022\/02\/IMG_9077-1024x691.jpeg\" alt=\"\" class=\"wp-image-2363\" srcset=\"https:\/\/singout.brussels\/wp-content\/uploads\/2022\/02\/IMG_9077-1024x691.jpeg 1024w, https:\/\/singout.brussels\/wp-content\/uploads\/2022\/02\/IMG_9077-300x203.jpeg 300w, https:\/\/singout.brussels\/wp-content\/uploads\/2022\/02\/IMG_9077-768x519.jpeg 768w, https:\/\/singout.brussels\/wp-content\/uploads\/2022\/02\/IMG_9077-1536x1037.jpeg 1536w, https:\/\/singout.brussels\/wp-content\/uploads\/2022\/02\/IMG_9077-2048x1383.jpeg 2048w, https:\/\/singout.brussels\/wp-content\/uploads\/2022\/02\/IMG_9077-1568x1059.jpeg 1568w\" sizes=\"auto, (max-width: 1024px) 100vw, 1024px\" \/><\/figure>\n\n\n\n<p>Nous avons aussi pris le temps de faire une belle promenade en pleine nature. Les choristes ont aussi assist\u00e9 \u00e0 plusieurs s\u00e9ances d&rsquo;information, sur le tournage de notre prochain vid\u00e9oclip en mars prochain, sur le d\u00e9roulement de notre spectacle de juin et, d\u00e9j\u00e0, sur le th\u00e8me et le fil conducteur de notre spectacle de juin 2023. Ce week-end nous a aussi permis de d\u00e9couvrir de nouvelles techniques vocales assez d\u00e9cal\u00e9es. <\/p>\n\n\n\n<figure class=\"wp-block-embed is-type-video is-provider-youtube wp-block-embed-youtube wp-embed-aspect-16-9 wp-has-aspect-ratio\"><div class=\"wp-block-embed__wrapper\">\n<iframe loading=\"lazy\" title=\"Bubbles\" width=\"1000\" height=\"563\" src=\"https:\/\/www.youtube.com\/embed\/TuD_X9W_vQU?feature=oembed\" frameborder=\"0\" allow=\"accelerometer; autoplay; clipboard-write; encrypted-media; gyroscope; picture-in-picture\" allowfullscreen><\/iframe>\n<\/div><\/figure>\n\n\n\n<p>Last but not least, nous avions notre propre cheffe en cuisine pour ce week-end. Charlotte Lambertini (<a href=\"https:\/\/apusetlescocottesvolantes.com\" target=\"_blank\" rel=\"noreferrer noopener\">Apus &amp; les Cocottes Volantes<\/a>) a pr\u00e9par\u00e9 pour nous de d\u00e9licieux repas v\u00e9g\u00e9tariens adapt\u00e9s \u00e0 chaque choriste. <\/p>\n\n\n\n<figure class=\"wp-block-gallery has-nested-images columns-default columns-1 tw-gutter-large wp-block-gallery-1 is-layout-flex wp-block-gallery-is-layout-flex\">\n<figure class=\"wp-block-image size-large\"><img loading=\"lazy\" decoding=\"async\" width=\"960\" height=\"1280\" data-id=\"2397\" src=\"https:\/\/singout.brussels\/wp-content\/uploads\/2022\/02\/thumbnail_IMG_7835-2.jpeg\" alt=\"\" class=\"wp-image-2397\" srcset=\"https:\/\/singout.brussels\/wp-content\/uploads\/2022\/02\/thumbnail_IMG_7835-2.jpeg 960w, https:\/\/singout.brussels\/wp-content\/uploads\/2022\/02\/thumbnail_IMG_7835-2-225x300.jpeg 225w, https:\/\/singout.brussels\/wp-content\/uploads\/2022\/02\/thumbnail_IMG_7835-2-768x1024.jpeg 768w\" sizes=\"auto, (max-width: 960px) 100vw, 960px\" \/><\/figure>\n\n\n\n<figure class=\"wp-block-image size-large\"><img loading=\"lazy\" decoding=\"async\" width=\"1024\" height=\"768\" data-id=\"2394\" src=\"https:\/\/singout.brussels\/wp-content\/uploads\/2022\/02\/e27e8ac0-f395-430b-9992-b95e093434e6-3.jpeg\" alt=\"\" class=\"wp-image-2394\" srcset=\"https:\/\/singout.brussels\/wp-content\/uploads\/2022\/02\/e27e8ac0-f395-430b-9992-b95e093434e6-3.jpeg 1024w, https:\/\/singout.brussels\/wp-content\/uploads\/2022\/02\/e27e8ac0-f395-430b-9992-b95e093434e6-3-300x225.jpeg 300w, https:\/\/singout.brussels\/wp-content\/uploads\/2022\/02\/e27e8ac0-f395-430b-9992-b95e093434e6-3-768x576.jpeg 768w\" sizes=\"auto, (max-width: 1024px) 100vw, 1024px\" \/><\/figure>\n<\/figure>\n\n\n\n<p>Ce week-end de travail \u00e9tait aussi un grand moment d&rsquo;\u00e9motions. En partageant le quotidien pendant deux jours et deux nuits, nos choristes tissent des liens forts. Et cette amiti\u00e9 renforce la beaut\u00e9 de la musique que nous cr\u00e9ons. Il y a eu quelques larmes de joie lors de nos derniers moments de r\u00e9p\u00e9tition&#8230; <\/p>\n","protected":false},"excerpt":{"rendered":"<p>Pour pr\u00e9parer notre spectacle de juin, notre chorale est partie en week-end \u00e0 Hasti\u00e8re. Au programme : apprentissage des chants et chor\u00e9graphies. Comme toujours dans une excellente ambiance. <\/p>\n","protected":false},"author":1,"featured_media":2360,"comment_status":"closed","ping_status":"open","sticky":false,"template":"","format":"standard","meta":{"footnotes":""},"categories":[10,5],"tags":[],"class_list":["post-2346","post","type-post","status-publish","format-standard","has-post-thumbnail","hentry","category-actualites","category-news","entry"],"yoast_head":"<!-- This site is optimized with the Yoast SEO plugin v19.14 - https:\/\/yoast.com\/wordpress\/plugins\/seo\/ -->\n<title>Notre spectacle de juin en pr\u00e9paration \u00e0 Hasti\u00e8re - Sing Out Brussels!<\/title>\n<meta name=\"robots\" content=\"index, follow, max-snippet:-1, max-image-preview:large, max-video-preview:-1\" \/>\n<link rel=\"canonical\" href=\"https:\/\/singout.brussels\/fr\/2022\/02\/24\/notre-spectacle-de-juin-en-preparation-a-hastiere\/\" \/>\n<meta property=\"og:locale\" content=\"fr_FR\" \/>\n<meta property=\"og:type\" content=\"article\" \/>\n<meta property=\"og:title\" content=\"Notre spectacle de juin en pr\u00e9paration \u00e0 Hasti\u00e8re - Sing Out Brussels!\" \/>\n<meta property=\"og:description\" content=\"Pour pr\u00e9parer notre spectacle de juin, notre chorale est partie en week-end \u00e0 Hasti\u00e8re. Au programme : apprentissage des chants et chor\u00e9graphies. Comme toujours dans une excellente ambiance.\" \/>\n<meta property=\"og:url\" content=\"https:\/\/singout.brussels\/fr\/2022\/02\/24\/notre-spectacle-de-juin-en-preparation-a-hastiere\/\" \/>\n<meta property=\"og:site_name\" content=\"Sing Out Brussels!\" \/>\n<meta property=\"article:published_time\" content=\"2022-02-24T14:10:39+00:00\" \/>\n<meta property=\"article:modified_time\" content=\"2022-02-24T15:11:27+00:00\" \/>\n<meta property=\"og:image\" content=\"https:\/\/singout.brussels\/wp-content\/uploads\/2022\/02\/IMG_9130-scaled-e1645711816579.jpeg\" \/>\n\t<meta property=\"og:image:width\" content=\"2560\" \/>\n\t<meta property=\"og:image:height\" content=\"1139\" \/>\n\t<meta property=\"og:image:type\" content=\"image\/jpeg\" \/>\n<meta name=\"author\" content=\"singoutbrussels\" \/>\n<meta name=\"twitter:card\" content=\"summary_large_image\" \/>\n<meta name=\"twitter:label1\" content=\"\u00c9crit par\" \/>\n\t<meta name=\"twitter:data1\" content=\"singoutbrussels\" \/>\n\t<meta name=\"twitter:label2\" content=\"Dur\u00e9e de lecture estim\u00e9e\" \/>\n\t<meta name=\"twitter:data2\" content=\"2 minutes\" \/>\n<script type=\"application\/ld+json\" class=\"yoast-schema-graph\">{\"@context\":\"https:\/\/schema.org\",\"@graph\":[{\"@type\":\"Article\",\"@id\":\"https:\/\/singout.brussels\/fr\/2022\/02\/24\/notre-spectacle-de-juin-en-preparation-a-hastiere\/#article\",\"isPartOf\":{\"@id\":\"https:\/\/singout.brussels\/fr\/2022\/02\/24\/notre-spectacle-de-juin-en-preparation-a-hastiere\/\"},\"author\":{\"name\":\"singoutbrussels\",\"@id\":\"https:\/\/singout.brussels\/#\/schema\/person\/3a023e533e5a5e5993bb01ab7d1c15de\"},\"headline\":\"Notre spectacle de juin en pr\u00e9paration \u00e0 Hasti\u00e8re\",\"datePublished\":\"2022-02-24T14:10:39+00:00\",\"dateModified\":\"2022-02-24T15:11:27+00:00\",\"mainEntityOfPage\":{\"@id\":\"https:\/\/singout.brussels\/fr\/2022\/02\/24\/notre-spectacle-de-juin-en-preparation-a-hastiere\/\"},\"wordCount\":277,\"publisher\":{\"@id\":\"https:\/\/singout.brussels\/#organization\"},\"articleSection\":[\"Actualit\u00e9s\",\"News\"],\"inLanguage\":\"fr-FR\"},{\"@type\":\"WebPage\",\"@id\":\"https:\/\/singout.brussels\/fr\/2022\/02\/24\/notre-spectacle-de-juin-en-preparation-a-hastiere\/\",\"url\":\"https:\/\/singout.brussels\/fr\/2022\/02\/24\/notre-spectacle-de-juin-en-preparation-a-hastiere\/\",\"name\":\"Notre spectacle de juin en pr\u00e9paration \u00e0 Hasti\u00e8re - Sing Out Brussels!\",\"isPartOf\":{\"@id\":\"https:\/\/singout.brussels\/#website\"},\"datePublished\":\"2022-02-24T14:10:39+00:00\",\"dateModified\":\"2022-02-24T15:11:27+00:00\",\"breadcrumb\":{\"@id\":\"https:\/\/singout.brussels\/fr\/2022\/02\/24\/notre-spectacle-de-juin-en-preparation-a-hastiere\/#breadcrumb\"},\"inLanguage\":\"fr-FR\",\"potentialAction\":[{\"@type\":\"ReadAction\",\"target\":[\"https:\/\/singout.brussels\/fr\/2022\/02\/24\/notre-spectacle-de-juin-en-preparation-a-hastiere\/\"]}]},{\"@type\":\"BreadcrumbList\",\"@id\":\"https:\/\/singout.brussels\/fr\/2022\/02\/24\/notre-spectacle-de-juin-en-preparation-a-hastiere\/#breadcrumb\",\"itemListElement\":[{\"@type\":\"ListItem\",\"position\":1,\"name\":\"Home\",\"item\":\"https:\/\/singout.brussels\/fr\/\"},{\"@type\":\"ListItem\",\"position\":2,\"name\":\"Notre spectacle de juin en pr\u00e9paration \u00e0 Hasti\u00e8re\"}]},{\"@type\":\"WebSite\",\"@id\":\"https:\/\/singout.brussels\/#website\",\"url\":\"https:\/\/singout.brussels\/\",\"name\":\"Sing Out Brussels!\",\"description\":\"The Fabulous Queer Choir of Brussels\",\"publisher\":{\"@id\":\"https:\/\/singout.brussels\/#organization\"},\"potentialAction\":[{\"@type\":\"SearchAction\",\"target\":{\"@type\":\"EntryPoint\",\"urlTemplate\":\"https:\/\/singout.brussels\/?s={search_term_string}\"},\"query-input\":\"required name=search_term_string\"}],\"inLanguage\":\"fr-FR\"},{\"@type\":\"Organization\",\"@id\":\"https:\/\/singout.brussels\/#organization\",\"name\":\"Sing Out Brussels!\",\"url\":\"https:\/\/singout.brussels\/\",\"logo\":{\"@type\":\"ImageObject\",\"inLanguage\":\"fr-FR\",\"@id\":\"https:\/\/singout.brussels\/#\/schema\/logo\/image\/\",\"url\":\"https:\/\/singout.brussels\/wp-content\/uploads\/2021\/10\/logo-32-32.png\",\"contentUrl\":\"https:\/\/singout.brussels\/wp-content\/uploads\/2021\/10\/logo-32-32.png\",\"width\":3286,\"height\":717,\"caption\":\"Sing Out Brussels!\"},\"image\":{\"@id\":\"https:\/\/singout.brussels\/#\/schema\/logo\/image\/\"}},{\"@type\":\"Person\",\"@id\":\"https:\/\/singout.brussels\/#\/schema\/person\/3a023e533e5a5e5993bb01ab7d1c15de\",\"name\":\"singoutbrussels\",\"image\":{\"@type\":\"ImageObject\",\"inLanguage\":\"fr-FR\",\"@id\":\"https:\/\/singout.brussels\/#\/schema\/person\/image\/\",\"url\":\"https:\/\/secure.gravatar.com\/avatar\/bb753eed49a2032140a1d8822a5d1c70333a582dd9dcb367654b8a3462f5219d?s=96&d=mm&r=g\",\"contentUrl\":\"https:\/\/secure.gravatar.com\/avatar\/bb753eed49a2032140a1d8822a5d1c70333a582dd9dcb367654b8a3462f5219d?s=96&d=mm&r=g\",\"caption\":\"singoutbrussels\"},\"sameAs\":[\"https:\/\/singout.brussels\"],\"url\":\"https:\/\/singout.brussels\/fr\/author\/singoutbrussels\/\"}]}<\/script>\n<!-- \/ Yoast SEO plugin. -->","yoast_head_json":{"title":"Notre spectacle de juin en pr\u00e9paration \u00e0 Hasti\u00e8re - Sing Out Brussels!","robots":{"index":"index","follow":"follow","max-snippet":"max-snippet:-1","max-image-preview":"max-image-preview:large","max-video-preview":"max-video-preview:-1"},"canonical":"https:\/\/singout.brussels\/fr\/2022\/02\/24\/notre-spectacle-de-juin-en-preparation-a-hastiere\/","og_locale":"fr_FR","og_type":"article","og_title":"Notre spectacle de juin en pr\u00e9paration \u00e0 Hasti\u00e8re - Sing Out Brussels!","og_description":"Pour pr\u00e9parer notre spectacle de juin, notre chorale est partie en week-end \u00e0 Hasti\u00e8re. Au programme : apprentissage des chants et chor\u00e9graphies. Comme toujours dans une excellente ambiance.","og_url":"https:\/\/singout.brussels\/fr\/2022\/02\/24\/notre-spectacle-de-juin-en-preparation-a-hastiere\/","og_site_name":"Sing Out Brussels!","article_published_time":"2022-02-24T14:10:39+00:00","article_modified_time":"2022-02-24T15:11:27+00:00","og_image":[{"width":2560,"height":1139,"url":"https:\/\/singout.brussels\/wp-content\/uploads\/2022\/02\/IMG_9130-scaled-e1645711816579.jpeg","type":"image\/jpeg"}],"author":"singoutbrussels","twitter_card":"summary_large_image","twitter_misc":{"\u00c9crit par":"singoutbrussels","Dur\u00e9e de lecture estim\u00e9e":"2 minutes"},"schema":{"@context":"https:\/\/schema.org","@graph":[{"@type":"Article","@id":"https:\/\/singout.brussels\/fr\/2022\/02\/24\/notre-spectacle-de-juin-en-preparation-a-hastiere\/#article","isPartOf":{"@id":"https:\/\/singout.brussels\/fr\/2022\/02\/24\/notre-spectacle-de-juin-en-preparation-a-hastiere\/"},"author":{"name":"singoutbrussels","@id":"https:\/\/singout.brussels\/#\/schema\/person\/3a023e533e5a5e5993bb01ab7d1c15de"},"headline":"Notre spectacle de juin en pr\u00e9paration \u00e0 Hasti\u00e8re","datePublished":"2022-02-24T14:10:39+00:00","dateModified":"2022-02-24T15:11:27+00:00","mainEntityOfPage":{"@id":"https:\/\/singout.brussels\/fr\/2022\/02\/24\/notre-spectacle-de-juin-en-preparation-a-hastiere\/"},"wordCount":277,"publisher":{"@id":"https:\/\/singout.brussels\/#organization"},"articleSection":["Actualit\u00e9s","News"],"inLanguage":"fr-FR"},{"@type":"WebPage","@id":"https:\/\/singout.brussels\/fr\/2022\/02\/24\/notre-spectacle-de-juin-en-preparation-a-hastiere\/","url":"https:\/\/singout.brussels\/fr\/2022\/02\/24\/notre-spectacle-de-juin-en-preparation-a-hastiere\/","name":"Notre spectacle de juin en pr\u00e9paration \u00e0 Hasti\u00e8re - Sing Out Brussels!","isPartOf":{"@id":"https:\/\/singout.brussels\/#website"},"datePublished":"2022-02-24T14:10:39+00:00","dateModified":"2022-02-24T15:11:27+00:00","breadcrumb":{"@id":"https:\/\/singout.brussels\/fr\/2022\/02\/24\/notre-spectacle-de-juin-en-preparation-a-hastiere\/#breadcrumb"},"inLanguage":"fr-FR","potentialAction":[{"@type":"ReadAction","target":["https:\/\/singout.brussels\/fr\/2022\/02\/24\/notre-spectacle-de-juin-en-preparation-a-hastiere\/"]}]},{"@type":"BreadcrumbList","@id":"https:\/\/singout.brussels\/fr\/2022\/02\/24\/notre-spectacle-de-juin-en-preparation-a-hastiere\/#breadcrumb","itemListElement":[{"@type":"ListItem","position":1,"name":"Home","item":"https:\/\/singout.brussels\/fr\/"},{"@type":"ListItem","position":2,"name":"Notre spectacle de juin en pr\u00e9paration \u00e0 Hasti\u00e8re"}]},{"@type":"WebSite","@id":"https:\/\/singout.brussels\/#website","url":"https:\/\/singout.brussels\/","name":"Sing Out Brussels!","description":"The Fabulous Queer Choir of Brussels","publisher":{"@id":"https:\/\/singout.brussels\/#organization"},"potentialAction":[{"@type":"SearchAction","target":{"@type":"EntryPoint","urlTemplate":"https:\/\/singout.brussels\/?s={search_term_string}"},"query-input":"required name=search_term_string"}],"inLanguage":"fr-FR"},{"@type":"Organization","@id":"https:\/\/singout.brussels\/#organization","name":"Sing Out Brussels!","url":"https:\/\/singout.brussels\/","logo":{"@type":"ImageObject","inLanguage":"fr-FR","@id":"https:\/\/singout.brussels\/#\/schema\/logo\/image\/","url":"https:\/\/singout.brussels\/wp-content\/uploads\/2021\/10\/logo-32-32.png","contentUrl":"https:\/\/singout.brussels\/wp-content\/uploads\/2021\/10\/logo-32-32.png","width":3286,"height":717,"caption":"Sing Out Brussels!"},"image":{"@id":"https:\/\/singout.brussels\/#\/schema\/logo\/image\/"}},{"@type":"Person","@id":"https:\/\/singout.brussels\/#\/schema\/person\/3a023e533e5a5e5993bb01ab7d1c15de","name":"singoutbrussels","image":{"@type":"ImageObject","inLanguage":"fr-FR","@id":"https:\/\/singout.brussels\/#\/schema\/person\/image\/","url":"https:\/\/secure.gravatar.com\/avatar\/bb753eed49a2032140a1d8822a5d1c70333a582dd9dcb367654b8a3462f5219d?s=96&d=mm&r=g","contentUrl":"https:\/\/secure.gravatar.com\/avatar\/bb753eed49a2032140a1d8822a5d1c70333a582dd9dcb367654b8a3462f5219d?s=96&d=mm&r=g","caption":"singoutbrussels"},"sameAs":["https:\/\/singout.brussels"],"url":"https:\/\/singout.brussels\/fr\/author\/singoutbrussels\/"}]}},"_links":{"self":[{"href":"https:\/\/singout.brussels\/fr\/wp-json\/wp\/v2\/posts\/2346","targetHints":{"allow":["GET"]}}],"collection":[{"href":"https:\/\/singout.brussels\/fr\/wp-json\/wp\/v2\/posts"}],"about":[{"href":"https:\/\/singout.brussels\/fr\/wp-json\/wp\/v2\/types\/post"}],"author":[{"embeddable":true,"href":"https:\/\/singout.brussels\/fr\/wp-json\/wp\/v2\/users\/1"}],"replies":[{"embeddable":true,"href":"https:\/\/singout.brussels\/fr\/wp-json\/wp\/v2\/comments?post=2346"}],"version-history":[{"count":8,"href":"https:\/\/singout.brussels\/fr\/wp-json\/wp\/v2\/posts\/2346\/revisions"}],"predecessor-version":[{"id":2415,"href":"https:\/\/singout.brussels\/fr\/wp-json\/wp\/v2\/posts\/2346\/revisions\/2415"}],"wp:featuredmedia":[{"embeddable":true,"href":"https:\/\/singout.brussels\/fr\/wp-json\/wp\/v2\/media\/2360"}],"wp:attachment":[{"href":"https:\/\/singout.brussels\/fr\/wp-json\/wp\/v2\/media?parent=2346"}],"wp:term":[{"taxonomy":"category","embeddable":true,"href":"https:\/\/singout.brussels\/fr\/wp-json\/wp\/v2\/categories?post=2346"},{"taxonomy":"post_tag","embeddable":true,"href":"https:\/\/singout.brussels\/fr\/wp-json\/wp\/v2\/tags?post=2346"}],"curies":[{"name":"wp","href":"https:\/\/api.w.org\/{rel}","templated":true}]}}