{"id":3502,"date":"2022-12-21T11:43:21","date_gmt":"2022-12-21T10:43:21","guid":{"rendered":"https:\/\/singout.brussels\/?p=3502"},"modified":"2023-02-21T15:29:28","modified_gmt":"2023-02-21T14:29:28","slug":"les-rainbow-cops-fetent-leur-10e-anniversaire","status":"publish","type":"post","link":"https:\/\/singout.brussels\/fr\/2022\/12\/21\/les-rainbow-cops-fetent-leur-10e-anniversaire\/","title":{"rendered":"Les Rainbow Cops f\u00eatent leur 10e anniversaire"},"content":{"rendered":"\n<p><strong>Aux c\u00f4t\u00e9s d&rsquo;autres artistes LGBTQI+, Sing Out Brussels! a pr\u00e9sent\u00e9 quelques chants lors de la r\u00e9ception organis\u00e9e \u00e0 cette occasion \u00e0 l&rsquo;H\u00f4tel de Ville de Bruxelles. <\/strong><\/p>\n\n\n\n<p>L&rsquo;association <a href=\"https:\/\/rainbow-cops-belgium.be\" target=\"_blank\" rel=\"noreferrer noopener\">Rainbow Cops Belgium LGBTQI+ Police<\/a>, membre de la RainbowHouse tout comme Sing Out Brussels! a f\u00eat\u00e9 son 10e anniversaire lors d&rsquo;une r\u00e9ception organis\u00e9e \u00e0 l\u2019h\u00f4tel de ville de Bruxelles, en pr\u00e9sence notamment de Sarah Schlitz, Secr\u00e9taire d&rsquo;Etat f\u00e9d\u00e9rale \u00e0 l&rsquo;Egalit\u00e9 des chances et des genres. <\/p>\n\n\n\n<p>Voici la mission des Rainbow Cops :&nbsp;<\/p>\n\n\n\n<ol class=\"wp-block-list\">\n<li>INFORMER et \u00e9changer des informations et des exp\u00e9riences sur les questions LGBTQI+ au sein de la police int\u00e9gr\u00e9e, en vue de promouvoir le respect mutuel.<\/li>\n\n\n\n<li>&nbsp;FORMER tous les agents de police pour les aider \u00e0 d\u00e9tecter les discriminations ou les crimes de haine fond\u00e9s sur l&rsquo;orientation sexuelle ou l&rsquo;identit\u00e9 de genre.<\/li>\n\n\n\n<li>RENVOYER les victimes d&rsquo;actes homophobes ou transphobes vers les acteurs concern\u00e9s, internes ou externes \u00e0 la police, en vue du d\u00e9p\u00f4t d&rsquo;une plainte.<\/li>\n\n\n\n<li>SENSIBILISER aux questions LGBTQI+ au sein et en dehors de la police, sur base de l&rsquo;exp\u00e9rience acquise en Belgique et au niveau europ\u00e9en.<\/li>\n<\/ol>\n\n\n\n<p>Un petit groupe de choristes a chant\u00e9 lors de cet \u00e9v\u00e9nement auxquels nos membres \u00e9taient invit\u00e9s \u00e0 prendre part sur base volontaire. En effet, au sein de notre ASBL, plusieurs personnes per\u00e7oivent la police comme une institution et une force d\u2019oppression sexiste, raciste et\/ou LGBTQI+-phobe, ont subi des violences de la part de la police, ou y voient du pinkwashing des actions de la police. En parall\u00e8le, d\u2019autres voix se sont aussi exprim\u00e9es pour manifester leur soutien \u00e0 une association qui joue un r\u00f4le important pour changer les pratiques au sein de la police.<\/p>\n\n\n\n<p>D&rsquo;autres photos de cet \u00e9v\u00e9nement sont visibles sur la<a href=\"https:\/\/www.facebook.com\/rainbowcops\" target=\"_blank\" rel=\"noreferrer noopener\"> page Facebook des Rainbow Cops. <\/a><\/p>\n","protected":false},"excerpt":{"rendered":"<p>Aux c\u00f4t\u00e9s d&rsquo;autres artistes LGBTQI+, Sing Out Brussels! a pr\u00e9sent\u00e9 quelques chants lors de la r\u00e9ception organis\u00e9e \u00e0 cette occasion \u00e0 l&rsquo;H\u00f4tel de Ville de Bruxelles.<\/p>\n","protected":false},"author":1,"featured_media":3503,"comment_status":"closed","ping_status":"open","sticky":false,"template":"","format":"standard","meta":{"footnotes":""},"categories":[10],"tags":[],"class_list":["post-3502","post","type-post","status-publish","format-standard","has-post-thumbnail","hentry","category-actualites","entry"],"yoast_head":"<!-- This site is optimized with the Yoast SEO plugin v19.14 - https:\/\/yoast.com\/wordpress\/plugins\/seo\/ -->\n<title>Les Rainbow Cops f\u00eatent leur 10e anniversaire - Sing Out Brussels!<\/title>\n<meta name=\"robots\" content=\"index, follow, max-snippet:-1, max-image-preview:large, max-video-preview:-1\" \/>\n<link rel=\"canonical\" href=\"https:\/\/singout.brussels\/fr\/2022\/12\/21\/les-rainbow-cops-fetent-leur-10e-anniversaire\/\" \/>\n<meta property=\"og:locale\" content=\"fr_FR\" \/>\n<meta property=\"og:type\" content=\"article\" \/>\n<meta property=\"og:title\" content=\"Les Rainbow Cops f\u00eatent leur 10e anniversaire - Sing Out Brussels!\" \/>\n<meta property=\"og:description\" content=\"Aux c\u00f4t\u00e9s d&#039;autres artistes LGBTQI+, Sing Out Brussels! a pr\u00e9sent\u00e9 quelques chants lors de la r\u00e9ception organis\u00e9e \u00e0 cette occasion \u00e0 l&#039;H\u00f4tel de Ville de Bruxelles.\" \/>\n<meta property=\"og:url\" content=\"https:\/\/singout.brussels\/fr\/2022\/12\/21\/les-rainbow-cops-fetent-leur-10e-anniversaire\/\" \/>\n<meta property=\"og:site_name\" content=\"Sing Out Brussels!\" \/>\n<meta property=\"article:published_time\" content=\"2022-12-21T10:43:21+00:00\" \/>\n<meta property=\"article:modified_time\" content=\"2023-02-21T14:29:28+00:00\" \/>\n<meta property=\"og:image\" content=\"https:\/\/singout.brussels\/wp-content\/uploads\/2022\/12\/320435237_1947806688755150_1725655476359270685_n-e1676989763321.jpg\" \/>\n\t<meta property=\"og:image:width\" content=\"1683\" \/>\n\t<meta property=\"og:image:height\" content=\"948\" \/>\n\t<meta property=\"og:image:type\" content=\"image\/jpeg\" \/>\n<meta name=\"author\" content=\"singoutbrussels\" \/>\n<meta name=\"twitter:card\" content=\"summary_large_image\" \/>\n<meta name=\"twitter:label1\" content=\"\u00c9crit par\" \/>\n\t<meta name=\"twitter:data1\" content=\"singoutbrussels\" \/>\n\t<meta name=\"twitter:label2\" content=\"Dur\u00e9e de lecture estim\u00e9e\" \/>\n\t<meta name=\"twitter:data2\" content=\"2 minutes\" \/>\n<script type=\"application\/ld+json\" class=\"yoast-schema-graph\">{\"@context\":\"https:\/\/schema.org\",\"@graph\":[{\"@type\":\"Article\",\"@id\":\"https:\/\/singout.brussels\/fr\/2022\/12\/21\/les-rainbow-cops-fetent-leur-10e-anniversaire\/#article\",\"isPartOf\":{\"@id\":\"https:\/\/singout.brussels\/fr\/2022\/12\/21\/les-rainbow-cops-fetent-leur-10e-anniversaire\/\"},\"author\":{\"name\":\"singoutbrussels\",\"@id\":\"https:\/\/singout.brussels\/#\/schema\/person\/3a023e533e5a5e5993bb01ab7d1c15de\"},\"headline\":\"Les Rainbow Cops f\u00eatent leur 10e anniversaire\",\"datePublished\":\"2022-12-21T10:43:21+00:00\",\"dateModified\":\"2023-02-21T14:29:28+00:00\",\"mainEntityOfPage\":{\"@id\":\"https:\/\/singout.brussels\/fr\/2022\/12\/21\/les-rainbow-cops-fetent-leur-10e-anniversaire\/\"},\"wordCount\":321,\"publisher\":{\"@id\":\"https:\/\/singout.brussels\/#organization\"},\"articleSection\":[\"Actualit\u00e9s\"],\"inLanguage\":\"fr-FR\"},{\"@type\":\"WebPage\",\"@id\":\"https:\/\/singout.brussels\/fr\/2022\/12\/21\/les-rainbow-cops-fetent-leur-10e-anniversaire\/\",\"url\":\"https:\/\/singout.brussels\/fr\/2022\/12\/21\/les-rainbow-cops-fetent-leur-10e-anniversaire\/\",\"name\":\"Les Rainbow Cops f\u00eatent leur 10e anniversaire - Sing Out Brussels!\",\"isPartOf\":{\"@id\":\"https:\/\/singout.brussels\/#website\"},\"datePublished\":\"2022-12-21T10:43:21+00:00\",\"dateModified\":\"2023-02-21T14:29:28+00:00\",\"breadcrumb\":{\"@id\":\"https:\/\/singout.brussels\/fr\/2022\/12\/21\/les-rainbow-cops-fetent-leur-10e-anniversaire\/#breadcrumb\"},\"inLanguage\":\"fr-FR\",\"potentialAction\":[{\"@type\":\"ReadAction\",\"target\":[\"https:\/\/singout.brussels\/fr\/2022\/12\/21\/les-rainbow-cops-fetent-leur-10e-anniversaire\/\"]}]},{\"@type\":\"BreadcrumbList\",\"@id\":\"https:\/\/singout.brussels\/fr\/2022\/12\/21\/les-rainbow-cops-fetent-leur-10e-anniversaire\/#breadcrumb\",\"itemListElement\":[{\"@type\":\"ListItem\",\"position\":1,\"name\":\"Home\",\"item\":\"https:\/\/singout.brussels\/fr\/\"},{\"@type\":\"ListItem\",\"position\":2,\"name\":\"Les Rainbow Cops f\u00eatent leur 10e anniversaire\"}]},{\"@type\":\"WebSite\",\"@id\":\"https:\/\/singout.brussels\/#website\",\"url\":\"https:\/\/singout.brussels\/\",\"name\":\"Sing Out Brussels!\",\"description\":\"The Fabulous Queer Choir of Brussels\",\"publisher\":{\"@id\":\"https:\/\/singout.brussels\/#organization\"},\"potentialAction\":[{\"@type\":\"SearchAction\",\"target\":{\"@type\":\"EntryPoint\",\"urlTemplate\":\"https:\/\/singout.brussels\/?s={search_term_string}\"},\"query-input\":\"required name=search_term_string\"}],\"inLanguage\":\"fr-FR\"},{\"@type\":\"Organization\",\"@id\":\"https:\/\/singout.brussels\/#organization\",\"name\":\"Sing Out Brussels!\",\"url\":\"https:\/\/singout.brussels\/\",\"logo\":{\"@type\":\"ImageObject\",\"inLanguage\":\"fr-FR\",\"@id\":\"https:\/\/singout.brussels\/#\/schema\/logo\/image\/\",\"url\":\"https:\/\/singout.brussels\/wp-content\/uploads\/2021\/10\/logo-32-32.png\",\"contentUrl\":\"https:\/\/singout.brussels\/wp-content\/uploads\/2021\/10\/logo-32-32.png\",\"width\":3286,\"height\":717,\"caption\":\"Sing Out Brussels!\"},\"image\":{\"@id\":\"https:\/\/singout.brussels\/#\/schema\/logo\/image\/\"}},{\"@type\":\"Person\",\"@id\":\"https:\/\/singout.brussels\/#\/schema\/person\/3a023e533e5a5e5993bb01ab7d1c15de\",\"name\":\"singoutbrussels\",\"image\":{\"@type\":\"ImageObject\",\"inLanguage\":\"fr-FR\",\"@id\":\"https:\/\/singout.brussels\/#\/schema\/person\/image\/\",\"url\":\"https:\/\/secure.gravatar.com\/avatar\/bb753eed49a2032140a1d8822a5d1c70333a582dd9dcb367654b8a3462f5219d?s=96&d=mm&r=g\",\"contentUrl\":\"https:\/\/secure.gravatar.com\/avatar\/bb753eed49a2032140a1d8822a5d1c70333a582dd9dcb367654b8a3462f5219d?s=96&d=mm&r=g\",\"caption\":\"singoutbrussels\"},\"sameAs\":[\"https:\/\/singout.brussels\"],\"url\":\"https:\/\/singout.brussels\/fr\/author\/singoutbrussels\/\"}]}<\/script>\n<!-- \/ Yoast SEO plugin. -->","yoast_head_json":{"title":"Les Rainbow Cops f\u00eatent leur 10e anniversaire - Sing Out Brussels!","robots":{"index":"index","follow":"follow","max-snippet":"max-snippet:-1","max-image-preview":"max-image-preview:large","max-video-preview":"max-video-preview:-1"},"canonical":"https:\/\/singout.brussels\/fr\/2022\/12\/21\/les-rainbow-cops-fetent-leur-10e-anniversaire\/","og_locale":"fr_FR","og_type":"article","og_title":"Les Rainbow Cops f\u00eatent leur 10e anniversaire - Sing Out Brussels!","og_description":"Aux c\u00f4t\u00e9s d'autres artistes LGBTQI+, Sing Out Brussels! a pr\u00e9sent\u00e9 quelques chants lors de la r\u00e9ception organis\u00e9e \u00e0 cette occasion \u00e0 l'H\u00f4tel de Ville de Bruxelles.","og_url":"https:\/\/singout.brussels\/fr\/2022\/12\/21\/les-rainbow-cops-fetent-leur-10e-anniversaire\/","og_site_name":"Sing Out Brussels!","article_published_time":"2022-12-21T10:43:21+00:00","article_modified_time":"2023-02-21T14:29:28+00:00","og_image":[{"width":1683,"height":948,"url":"https:\/\/singout.brussels\/wp-content\/uploads\/2022\/12\/320435237_1947806688755150_1725655476359270685_n-e1676989763321.jpg","type":"image\/jpeg"}],"author":"singoutbrussels","twitter_card":"summary_large_image","twitter_misc":{"\u00c9crit par":"singoutbrussels","Dur\u00e9e de lecture estim\u00e9e":"2 minutes"},"schema":{"@context":"https:\/\/schema.org","@graph":[{"@type":"Article","@id":"https:\/\/singout.brussels\/fr\/2022\/12\/21\/les-rainbow-cops-fetent-leur-10e-anniversaire\/#article","isPartOf":{"@id":"https:\/\/singout.brussels\/fr\/2022\/12\/21\/les-rainbow-cops-fetent-leur-10e-anniversaire\/"},"author":{"name":"singoutbrussels","@id":"https:\/\/singout.brussels\/#\/schema\/person\/3a023e533e5a5e5993bb01ab7d1c15de"},"headline":"Les Rainbow Cops f\u00eatent leur 10e anniversaire","datePublished":"2022-12-21T10:43:21+00:00","dateModified":"2023-02-21T14:29:28+00:00","mainEntityOfPage":{"@id":"https:\/\/singout.brussels\/fr\/2022\/12\/21\/les-rainbow-cops-fetent-leur-10e-anniversaire\/"},"wordCount":321,"publisher":{"@id":"https:\/\/singout.brussels\/#organization"},"articleSection":["Actualit\u00e9s"],"inLanguage":"fr-FR"},{"@type":"WebPage","@id":"https:\/\/singout.brussels\/fr\/2022\/12\/21\/les-rainbow-cops-fetent-leur-10e-anniversaire\/","url":"https:\/\/singout.brussels\/fr\/2022\/12\/21\/les-rainbow-cops-fetent-leur-10e-anniversaire\/","name":"Les Rainbow Cops f\u00eatent leur 10e anniversaire - Sing Out Brussels!","isPartOf":{"@id":"https:\/\/singout.brussels\/#website"},"datePublished":"2022-12-21T10:43:21+00:00","dateModified":"2023-02-21T14:29:28+00:00","breadcrumb":{"@id":"https:\/\/singout.brussels\/fr\/2022\/12\/21\/les-rainbow-cops-fetent-leur-10e-anniversaire\/#breadcrumb"},"inLanguage":"fr-FR","potentialAction":[{"@type":"ReadAction","target":["https:\/\/singout.brussels\/fr\/2022\/12\/21\/les-rainbow-cops-fetent-leur-10e-anniversaire\/"]}]},{"@type":"BreadcrumbList","@id":"https:\/\/singout.brussels\/fr\/2022\/12\/21\/les-rainbow-cops-fetent-leur-10e-anniversaire\/#breadcrumb","itemListElement":[{"@type":"ListItem","position":1,"name":"Home","item":"https:\/\/singout.brussels\/fr\/"},{"@type":"ListItem","position":2,"name":"Les Rainbow Cops f\u00eatent leur 10e anniversaire"}]},{"@type":"WebSite","@id":"https:\/\/singout.brussels\/#website","url":"https:\/\/singout.brussels\/","name":"Sing Out Brussels!","description":"The Fabulous Queer Choir of Brussels","publisher":{"@id":"https:\/\/singout.brussels\/#organization"},"potentialAction":[{"@type":"SearchAction","target":{"@type":"EntryPoint","urlTemplate":"https:\/\/singout.brussels\/?s={search_term_string}"},"query-input":"required name=search_term_string"}],"inLanguage":"fr-FR"},{"@type":"Organization","@id":"https:\/\/singout.brussels\/#organization","name":"Sing Out Brussels!","url":"https:\/\/singout.brussels\/","logo":{"@type":"ImageObject","inLanguage":"fr-FR","@id":"https:\/\/singout.brussels\/#\/schema\/logo\/image\/","url":"https:\/\/singout.brussels\/wp-content\/uploads\/2021\/10\/logo-32-32.png","contentUrl":"https:\/\/singout.brussels\/wp-content\/uploads\/2021\/10\/logo-32-32.png","width":3286,"height":717,"caption":"Sing Out Brussels!"},"image":{"@id":"https:\/\/singout.brussels\/#\/schema\/logo\/image\/"}},{"@type":"Person","@id":"https:\/\/singout.brussels\/#\/schema\/person\/3a023e533e5a5e5993bb01ab7d1c15de","name":"singoutbrussels","image":{"@type":"ImageObject","inLanguage":"fr-FR","@id":"https:\/\/singout.brussels\/#\/schema\/person\/image\/","url":"https:\/\/secure.gravatar.com\/avatar\/bb753eed49a2032140a1d8822a5d1c70333a582dd9dcb367654b8a3462f5219d?s=96&d=mm&r=g","contentUrl":"https:\/\/secure.gravatar.com\/avatar\/bb753eed49a2032140a1d8822a5d1c70333a582dd9dcb367654b8a3462f5219d?s=96&d=mm&r=g","caption":"singoutbrussels"},"sameAs":["https:\/\/singout.brussels"],"url":"https:\/\/singout.brussels\/fr\/author\/singoutbrussels\/"}]}},"_links":{"self":[{"href":"https:\/\/singout.brussels\/fr\/wp-json\/wp\/v2\/posts\/3502","targetHints":{"allow":["GET"]}}],"collection":[{"href":"https:\/\/singout.brussels\/fr\/wp-json\/wp\/v2\/posts"}],"about":[{"href":"https:\/\/singout.brussels\/fr\/wp-json\/wp\/v2\/types\/post"}],"author":[{"embeddable":true,"href":"https:\/\/singout.brussels\/fr\/wp-json\/wp\/v2\/users\/1"}],"replies":[{"embeddable":true,"href":"https:\/\/singout.brussels\/fr\/wp-json\/wp\/v2\/comments?post=3502"}],"version-history":[{"count":1,"href":"https:\/\/singout.brussels\/fr\/wp-json\/wp\/v2\/posts\/3502\/revisions"}],"predecessor-version":[{"id":3506,"href":"https:\/\/singout.brussels\/fr\/wp-json\/wp\/v2\/posts\/3502\/revisions\/3506"}],"wp:featuredmedia":[{"embeddable":true,"href":"https:\/\/singout.brussels\/fr\/wp-json\/wp\/v2\/media\/3503"}],"wp:attachment":[{"href":"https:\/\/singout.brussels\/fr\/wp-json\/wp\/v2\/media?parent=3502"}],"wp:term":[{"taxonomy":"category","embeddable":true,"href":"https:\/\/singout.brussels\/fr\/wp-json\/wp\/v2\/categories?post=3502"},{"taxonomy":"post_tag","embeddable":true,"href":"https:\/\/singout.brussels\/fr\/wp-json\/wp\/v2\/tags?post=3502"}],"curies":[{"name":"wp","href":"https:\/\/api.w.org\/{rel}","templated":true}]}}