{"id":4270,"date":"2023-06-25T16:05:33","date_gmt":"2023-06-25T14:05:33","guid":{"rendered":"https:\/\/singout.brussels\/?p=4270"},"modified":"2023-06-27T13:05:15","modified_gmt":"2023-06-27T11:05:15","slug":"various-voices-bologna-2023-avant-bruxelles","status":"publish","type":"post","link":"https:\/\/singout.brussels\/fr\/2023\/06\/25\/various-voices-bologna-2023-avant-bruxelles\/","title":{"rendered":"Various Voices Bologna 2023, avant Bruxelles !"},"content":{"rendered":"\n<p><strong>Du 14 au 18 juin 2023, Sing Out Brussels! a particip\u00e9 au festival europ\u00e9en des chorales LGBTQI+ Various Voices \u00e0 Bologne (Italie). Notre chorale accueillera cet \u00e9v\u00e9nement \u00e0 Bruxelles en 2026. <\/strong><\/p>\n\n\n\n<p>Bologne a accueilli du 14 au 18 juin 105 chorales LGBTQI+ et 3500 choristes, principalement europ\u00e9ens, mais aussi am\u00e9ricains, n\u00e9o-z\u00e9olandais ou sud-africains. Le festival Various Voices est organis\u00e9 tous les quatre ans par une chorale europ\u00e9enne diff\u00e9rente, \u00e0 l&rsquo;initiative de <a href=\"http:\/\/www.legato-choirs.com\" target=\"_blank\" rel=\"noreferrer noopener\">Legato<\/a>, f\u00e9d\u00e9ration europ\u00e9enne des chorales LGBTQI+. <\/p>\n\n\n\n<figure class=\"wp-block-image size-large\"><img loading=\"lazy\" decoding=\"async\" width=\"1024\" height=\"768\" src=\"https:\/\/singout.brussels\/wp-content\/uploads\/2023\/06\/IMG_8161-1024x768.jpeg\" alt=\"\" class=\"wp-image-4275\" srcset=\"https:\/\/singout.brussels\/wp-content\/uploads\/2023\/06\/IMG_8161-1024x768.jpeg 1024w, https:\/\/singout.brussels\/wp-content\/uploads\/2023\/06\/IMG_8161-300x225.jpeg 300w, https:\/\/singout.brussels\/wp-content\/uploads\/2023\/06\/IMG_8161-768x576.jpeg 768w, https:\/\/singout.brussels\/wp-content\/uploads\/2023\/06\/IMG_8161-1536x1152.jpeg 1536w, https:\/\/singout.brussels\/wp-content\/uploads\/2023\/06\/IMG_8161-2048x1536.jpeg 2048w, https:\/\/singout.brussels\/wp-content\/uploads\/2023\/06\/IMG_8161-1568x1176.jpeg 1568w\" sizes=\"auto, (max-width: 1024px) 100vw, 1024px\" \/><\/figure>\n\n\n\n<p>Komos, chorale gay de Bologne, \u00e9tait l&rsquo;h\u00f4te de cette <a href=\"http:\/\/www.various-voices.it\" target=\"_blank\" rel=\"noreferrer noopener\">\u00e9dition italienne<\/a> du festival. Pendant cinq jours, le festival a anim\u00e9 la ville. Chaque chorale participante a pr\u00e9sent\u00e9 un concert de 30 minutes dans un des quatre th\u00e9\u00e2tres r\u00e9serv\u00e9s au festival. Des concerts \u00e9taient \u00e9galement propos\u00e9s dans un mus\u00e9e, dans divers lieux publics de la ville ainsi qu&rsquo;au Dumbo, un ancien site industriel reconverti en p\u00f4le socio-culturel et qui \u00e9tait le lieu de f\u00eate et de socialisation du festival.<\/p>\n\n\n\n<figure class=\"wp-block-image size-large\"><img loading=\"lazy\" decoding=\"async\" width=\"1024\" height=\"768\" src=\"https:\/\/singout.brussels\/wp-content\/uploads\/2023\/06\/IMG_9105-1024x768.jpeg\" alt=\"\" class=\"wp-image-4278\" srcset=\"https:\/\/singout.brussels\/wp-content\/uploads\/2023\/06\/IMG_9105-1024x768.jpeg 1024w, https:\/\/singout.brussels\/wp-content\/uploads\/2023\/06\/IMG_9105-300x225.jpeg 300w, https:\/\/singout.brussels\/wp-content\/uploads\/2023\/06\/IMG_9105-768x576.jpeg 768w, https:\/\/singout.brussels\/wp-content\/uploads\/2023\/06\/IMG_9105-1536x1152.jpeg 1536w, https:\/\/singout.brussels\/wp-content\/uploads\/2023\/06\/IMG_9105-2048x1536.jpeg 2048w, https:\/\/singout.brussels\/wp-content\/uploads\/2023\/06\/IMG_9105-1568x1176.jpeg 1568w\" sizes=\"auto, (max-width: 1024px) 100vw, 1024px\" \/><\/figure>\n\n\n\n<p>Various Voices est un \u00e9v\u00e9nement qui rassemble la communaut\u00e9 LGBTQI+ \u00e0 travers le chant et la musique. C&rsquo;est un moment de rencontre, de partage et de fiert\u00e9. Chaque choriste est rentr\u00e9 de Bologne avec des souvenirs plein la t\u00eate li\u00e9s \u00e0 tous les moments d&rsquo;\u00e9motion v\u00e9cus ensemble. <\/p>\n\n\n\n<figure class=\"wp-block-image size-large\"><img loading=\"lazy\" decoding=\"async\" width=\"1024\" height=\"768\" src=\"https:\/\/singout.brussels\/wp-content\/uploads\/2023\/06\/IMG_9154-1024x768.jpeg\" alt=\"\" class=\"wp-image-4281\" srcset=\"https:\/\/singout.brussels\/wp-content\/uploads\/2023\/06\/IMG_9154-1024x768.jpeg 1024w, https:\/\/singout.brussels\/wp-content\/uploads\/2023\/06\/IMG_9154-300x225.jpeg 300w, https:\/\/singout.brussels\/wp-content\/uploads\/2023\/06\/IMG_9154-768x576.jpeg 768w, https:\/\/singout.brussels\/wp-content\/uploads\/2023\/06\/IMG_9154-1536x1152.jpeg 1536w, https:\/\/singout.brussels\/wp-content\/uploads\/2023\/06\/IMG_9154-2048x1536.jpeg 2048w, https:\/\/singout.brussels\/wp-content\/uploads\/2023\/06\/IMG_9154-1568x1176.jpeg 1568w\" sizes=\"auto, (max-width: 1024px) 100vw, 1024px\" \/><\/figure>\n\n\n\n<p>Sing Out Brussels! a pr\u00e9sent\u00e9 plusieurs concerts dans le cadre du festival. Le jeudi soir au Dumbo, dans une ambiance de folie, le vendredi apr\u00e8s-midi \u00e0 l&rsquo;Arena del Sole face \u00e0 un public attentif et impressionn\u00e9, le samedi matin sur la Piazza del Nettuno dans le coeur historique de Bologne et enfin lors de la c\u00e9r\u00e9monie de cl\u00f4ture du samedi soir. <\/p>\n\n\n\n<figure class=\"wp-block-image size-large\"><img loading=\"lazy\" decoding=\"async\" width=\"1024\" height=\"576\" src=\"https:\/\/singout.brussels\/wp-content\/uploads\/2023\/06\/IMG20230616165048-1024x576.jpg\" alt=\"\" class=\"wp-image-4284\" srcset=\"https:\/\/singout.brussels\/wp-content\/uploads\/2023\/06\/IMG20230616165048-1024x576.jpg 1024w, https:\/\/singout.brussels\/wp-content\/uploads\/2023\/06\/IMG20230616165048-300x169.jpg 300w, https:\/\/singout.brussels\/wp-content\/uploads\/2023\/06\/IMG20230616165048-768x432.jpg 768w, https:\/\/singout.brussels\/wp-content\/uploads\/2023\/06\/IMG20230616165048-1536x864.jpg 1536w, https:\/\/singout.brussels\/wp-content\/uploads\/2023\/06\/IMG20230616165048-2048x1152.jpg 2048w, https:\/\/singout.brussels\/wp-content\/uploads\/2023\/06\/IMG20230616165048-1568x882.jpg 1568w\" sizes=\"auto, (max-width: 1024px) 100vw, 1024px\" \/><\/figure>\n\n\n\n<p>En effet, c&rsquo;est Bruxelles qui prend maintenant le relais. Sing Out Brussels! est charg\u00e9 de l&rsquo;organisation du <a href=\"http:\/\/www.various-voices.be\">festival en 2026<\/a>. C&rsquo;est une grande responsabilit\u00e9 et aussi une exp\u00e9rience qui s&rsquo;annonce tr\u00e8s excitante ! <\/p>\n\n\n\n<figure class=\"wp-block-image size-large\"><img loading=\"lazy\" decoding=\"async\" width=\"1024\" height=\"768\" src=\"https:\/\/singout.brussels\/wp-content\/uploads\/2023\/06\/image_6483441-1-1024x768.jpg\" alt=\"\" class=\"wp-image-4287\" srcset=\"https:\/\/singout.brussels\/wp-content\/uploads\/2023\/06\/image_6483441-1-1024x768.jpg 1024w, https:\/\/singout.brussels\/wp-content\/uploads\/2023\/06\/image_6483441-1-300x225.jpg 300w, https:\/\/singout.brussels\/wp-content\/uploads\/2023\/06\/image_6483441-1-768x576.jpg 768w, https:\/\/singout.brussels\/wp-content\/uploads\/2023\/06\/image_6483441-1-1536x1152.jpg 1536w, https:\/\/singout.brussels\/wp-content\/uploads\/2023\/06\/image_6483441-1-2048x1536.jpg 2048w, https:\/\/singout.brussels\/wp-content\/uploads\/2023\/06\/image_6483441-1-1568x1176.jpg 1568w\" sizes=\"auto, (max-width: 1024px) 100vw, 1024px\" \/><figcaption class=\"wp-element-caption\">Picture: Goliathus<\/figcaption><\/figure>\n\n\n\n<p>Vous voulez en savoir plus sur le festival Various Voices Brussels 2026 ? Apporter votre aide pour son organisation ? Ou simplement rester au courant de ses pr\u00e9paratifs ? Abonnez-vous \u00e0 la newsletter sur le site <a href=\"http:\/\/www.various-voices.be\" target=\"_blank\" rel=\"noreferrer noopener\">www.various-voices.be<\/a> ! <\/p>\n\n\n\n<figure class=\"wp-block-image size-large\"><img loading=\"lazy\" decoding=\"async\" width=\"1024\" height=\"577\" src=\"https:\/\/singout.brussels\/wp-content\/uploads\/2023\/06\/20230615_205631-1024x577.jpg\" alt=\"\" class=\"wp-image-4295\" srcset=\"https:\/\/singout.brussels\/wp-content\/uploads\/2023\/06\/20230615_205631-1024x577.jpg 1024w, https:\/\/singout.brussels\/wp-content\/uploads\/2023\/06\/20230615_205631-300x169.jpg 300w, https:\/\/singout.brussels\/wp-content\/uploads\/2023\/06\/20230615_205631-768x432.jpg 768w, https:\/\/singout.brussels\/wp-content\/uploads\/2023\/06\/20230615_205631-1536x865.jpg 1536w, https:\/\/singout.brussels\/wp-content\/uploads\/2023\/06\/20230615_205631-2048x1153.jpg 2048w, https:\/\/singout.brussels\/wp-content\/uploads\/2023\/06\/20230615_205631-1568x883.jpg 1568w\" sizes=\"auto, (max-width: 1024px) 100vw, 1024px\" \/><\/figure>\n\n\n\n<p>Plus de photos et de vid\u00e9os du festival sur les r\u00e9seaux sociaux @variousvoiceschoirfestival<\/p>\n","protected":false},"excerpt":{"rendered":"<p>Du 14 au 18 juin 2023, Sing Out Brussels! a particip\u00e9 au festival europ\u00e9en des chorales LGBTQI+ Various Voices \u00e0 Bologne (Italie). Notre chorale accueillera cet \u00e9v\u00e9nement \u00e0 Bruxelles en 2026. <\/p>\n","protected":false},"author":1,"featured_media":4207,"comment_status":"closed","ping_status":"open","sticky":false,"template":"","format":"standard","meta":{"footnotes":""},"categories":[10],"tags":[],"class_list":["post-4270","post","type-post","status-publish","format-standard","has-post-thumbnail","hentry","category-actualites","entry"],"yoast_head":"<!-- This site is optimized with the Yoast SEO plugin v19.14 - https:\/\/yoast.com\/wordpress\/plugins\/seo\/ -->\n<title>Various Voices Bologna 2023, avant Bruxelles ! - Sing Out Brussels!<\/title>\n<meta name=\"robots\" content=\"index, follow, max-snippet:-1, max-image-preview:large, max-video-preview:-1\" \/>\n<link rel=\"canonical\" href=\"https:\/\/singout.brussels\/fr\/2023\/06\/25\/various-voices-bologna-2023-avant-bruxelles\/\" \/>\n<meta property=\"og:locale\" content=\"fr_FR\" \/>\n<meta property=\"og:type\" content=\"article\" \/>\n<meta property=\"og:title\" content=\"Various Voices Bologna 2023, avant Bruxelles ! - Sing Out Brussels!\" \/>\n<meta property=\"og:description\" content=\"Du 14 au 18 juin 2023, Sing Out Brussels! a particip\u00e9 au festival europ\u00e9en des chorales LGBTQI+ Various Voices \u00e0 Bologne (Italie). Notre chorale accueillera cet \u00e9v\u00e9nement \u00e0 Bruxelles en 2026.\" \/>\n<meta property=\"og:url\" content=\"https:\/\/singout.brussels\/fr\/2023\/06\/25\/various-voices-bologna-2023-avant-bruxelles\/\" \/>\n<meta property=\"og:site_name\" content=\"Sing Out Brussels!\" \/>\n<meta property=\"article:published_time\" content=\"2023-06-25T14:05:33+00:00\" \/>\n<meta property=\"article:modified_time\" content=\"2023-06-27T11:05:15+00:00\" \/>\n<meta property=\"og:image\" content=\"https:\/\/singout.brussels\/wp-content\/uploads\/2023\/06\/IMG20230616165833-scaled.jpg\" \/>\n\t<meta property=\"og:image:width\" content=\"2560\" \/>\n\t<meta property=\"og:image:height\" content=\"1439\" \/>\n\t<meta property=\"og:image:type\" content=\"image\/jpeg\" \/>\n<meta name=\"author\" content=\"singoutbrussels\" \/>\n<meta name=\"twitter:card\" content=\"summary_large_image\" \/>\n<meta name=\"twitter:label1\" content=\"\u00c9crit par\" \/>\n\t<meta name=\"twitter:data1\" content=\"singoutbrussels\" \/>\n<script type=\"application\/ld+json\" class=\"yoast-schema-graph\">{\"@context\":\"https:\/\/schema.org\",\"@graph\":[{\"@type\":\"Article\",\"@id\":\"https:\/\/singout.brussels\/fr\/2023\/06\/25\/various-voices-bologna-2023-avant-bruxelles\/#article\",\"isPartOf\":{\"@id\":\"https:\/\/singout.brussels\/fr\/2023\/06\/25\/various-voices-bologna-2023-avant-bruxelles\/\"},\"author\":{\"name\":\"singoutbrussels\",\"@id\":\"https:\/\/singout.brussels\/#\/schema\/person\/3a023e533e5a5e5993bb01ab7d1c15de\"},\"headline\":\"Various Voices Bologna 2023, avant Bruxelles !\",\"datePublished\":\"2023-06-25T14:05:33+00:00\",\"dateModified\":\"2023-06-27T11:05:15+00:00\",\"mainEntityOfPage\":{\"@id\":\"https:\/\/singout.brussels\/fr\/2023\/06\/25\/various-voices-bologna-2023-avant-bruxelles\/\"},\"wordCount\":367,\"publisher\":{\"@id\":\"https:\/\/singout.brussels\/#organization\"},\"articleSection\":[\"Actualit\u00e9s\"],\"inLanguage\":\"fr-FR\"},{\"@type\":\"WebPage\",\"@id\":\"https:\/\/singout.brussels\/fr\/2023\/06\/25\/various-voices-bologna-2023-avant-bruxelles\/\",\"url\":\"https:\/\/singout.brussels\/fr\/2023\/06\/25\/various-voices-bologna-2023-avant-bruxelles\/\",\"name\":\"Various Voices Bologna 2023, avant Bruxelles ! - Sing Out Brussels!\",\"isPartOf\":{\"@id\":\"https:\/\/singout.brussels\/#website\"},\"datePublished\":\"2023-06-25T14:05:33+00:00\",\"dateModified\":\"2023-06-27T11:05:15+00:00\",\"breadcrumb\":{\"@id\":\"https:\/\/singout.brussels\/fr\/2023\/06\/25\/various-voices-bologna-2023-avant-bruxelles\/#breadcrumb\"},\"inLanguage\":\"fr-FR\",\"potentialAction\":[{\"@type\":\"ReadAction\",\"target\":[\"https:\/\/singout.brussels\/fr\/2023\/06\/25\/various-voices-bologna-2023-avant-bruxelles\/\"]}]},{\"@type\":\"BreadcrumbList\",\"@id\":\"https:\/\/singout.brussels\/fr\/2023\/06\/25\/various-voices-bologna-2023-avant-bruxelles\/#breadcrumb\",\"itemListElement\":[{\"@type\":\"ListItem\",\"position\":1,\"name\":\"Home\",\"item\":\"https:\/\/singout.brussels\/fr\/\"},{\"@type\":\"ListItem\",\"position\":2,\"name\":\"Various Voices Bologna 2023, avant Bruxelles !\"}]},{\"@type\":\"WebSite\",\"@id\":\"https:\/\/singout.brussels\/#website\",\"url\":\"https:\/\/singout.brussels\/\",\"name\":\"Sing Out Brussels!\",\"description\":\"The Fabulous Queer Choir of Brussels\",\"publisher\":{\"@id\":\"https:\/\/singout.brussels\/#organization\"},\"potentialAction\":[{\"@type\":\"SearchAction\",\"target\":{\"@type\":\"EntryPoint\",\"urlTemplate\":\"https:\/\/singout.brussels\/?s={search_term_string}\"},\"query-input\":\"required name=search_term_string\"}],\"inLanguage\":\"fr-FR\"},{\"@type\":\"Organization\",\"@id\":\"https:\/\/singout.brussels\/#organization\",\"name\":\"Sing Out Brussels!\",\"url\":\"https:\/\/singout.brussels\/\",\"logo\":{\"@type\":\"ImageObject\",\"inLanguage\":\"fr-FR\",\"@id\":\"https:\/\/singout.brussels\/#\/schema\/logo\/image\/\",\"url\":\"https:\/\/singout.brussels\/wp-content\/uploads\/2021\/10\/logo-32-32.png\",\"contentUrl\":\"https:\/\/singout.brussels\/wp-content\/uploads\/2021\/10\/logo-32-32.png\",\"width\":3286,\"height\":717,\"caption\":\"Sing Out Brussels!\"},\"image\":{\"@id\":\"https:\/\/singout.brussels\/#\/schema\/logo\/image\/\"}},{\"@type\":\"Person\",\"@id\":\"https:\/\/singout.brussels\/#\/schema\/person\/3a023e533e5a5e5993bb01ab7d1c15de\",\"name\":\"singoutbrussels\",\"image\":{\"@type\":\"ImageObject\",\"inLanguage\":\"fr-FR\",\"@id\":\"https:\/\/singout.brussels\/#\/schema\/person\/image\/\",\"url\":\"https:\/\/secure.gravatar.com\/avatar\/bb753eed49a2032140a1d8822a5d1c70333a582dd9dcb367654b8a3462f5219d?s=96&d=mm&r=g\",\"contentUrl\":\"https:\/\/secure.gravatar.com\/avatar\/bb753eed49a2032140a1d8822a5d1c70333a582dd9dcb367654b8a3462f5219d?s=96&d=mm&r=g\",\"caption\":\"singoutbrussels\"},\"sameAs\":[\"https:\/\/singout.brussels\"],\"url\":\"https:\/\/singout.brussels\/fr\/author\/singoutbrussels\/\"}]}<\/script>\n<!-- \/ Yoast SEO plugin. -->","yoast_head_json":{"title":"Various Voices Bologna 2023, avant Bruxelles ! - Sing Out Brussels!","robots":{"index":"index","follow":"follow","max-snippet":"max-snippet:-1","max-image-preview":"max-image-preview:large","max-video-preview":"max-video-preview:-1"},"canonical":"https:\/\/singout.brussels\/fr\/2023\/06\/25\/various-voices-bologna-2023-avant-bruxelles\/","og_locale":"fr_FR","og_type":"article","og_title":"Various Voices Bologna 2023, avant Bruxelles ! - Sing Out Brussels!","og_description":"Du 14 au 18 juin 2023, Sing Out Brussels! a particip\u00e9 au festival europ\u00e9en des chorales LGBTQI+ Various Voices \u00e0 Bologne (Italie). Notre chorale accueillera cet \u00e9v\u00e9nement \u00e0 Bruxelles en 2026.","og_url":"https:\/\/singout.brussels\/fr\/2023\/06\/25\/various-voices-bologna-2023-avant-bruxelles\/","og_site_name":"Sing Out Brussels!","article_published_time":"2023-06-25T14:05:33+00:00","article_modified_time":"2023-06-27T11:05:15+00:00","og_image":[{"width":2560,"height":1439,"url":"https:\/\/singout.brussels\/wp-content\/uploads\/2023\/06\/IMG20230616165833-scaled.jpg","type":"image\/jpeg"}],"author":"singoutbrussels","twitter_card":"summary_large_image","twitter_misc":{"\u00c9crit par":"singoutbrussels"},"schema":{"@context":"https:\/\/schema.org","@graph":[{"@type":"Article","@id":"https:\/\/singout.brussels\/fr\/2023\/06\/25\/various-voices-bologna-2023-avant-bruxelles\/#article","isPartOf":{"@id":"https:\/\/singout.brussels\/fr\/2023\/06\/25\/various-voices-bologna-2023-avant-bruxelles\/"},"author":{"name":"singoutbrussels","@id":"https:\/\/singout.brussels\/#\/schema\/person\/3a023e533e5a5e5993bb01ab7d1c15de"},"headline":"Various Voices Bologna 2023, avant Bruxelles !","datePublished":"2023-06-25T14:05:33+00:00","dateModified":"2023-06-27T11:05:15+00:00","mainEntityOfPage":{"@id":"https:\/\/singout.brussels\/fr\/2023\/06\/25\/various-voices-bologna-2023-avant-bruxelles\/"},"wordCount":367,"publisher":{"@id":"https:\/\/singout.brussels\/#organization"},"articleSection":["Actualit\u00e9s"],"inLanguage":"fr-FR"},{"@type":"WebPage","@id":"https:\/\/singout.brussels\/fr\/2023\/06\/25\/various-voices-bologna-2023-avant-bruxelles\/","url":"https:\/\/singout.brussels\/fr\/2023\/06\/25\/various-voices-bologna-2023-avant-bruxelles\/","name":"Various Voices Bologna 2023, avant Bruxelles ! - Sing Out Brussels!","isPartOf":{"@id":"https:\/\/singout.brussels\/#website"},"datePublished":"2023-06-25T14:05:33+00:00","dateModified":"2023-06-27T11:05:15+00:00","breadcrumb":{"@id":"https:\/\/singout.brussels\/fr\/2023\/06\/25\/various-voices-bologna-2023-avant-bruxelles\/#breadcrumb"},"inLanguage":"fr-FR","potentialAction":[{"@type":"ReadAction","target":["https:\/\/singout.brussels\/fr\/2023\/06\/25\/various-voices-bologna-2023-avant-bruxelles\/"]}]},{"@type":"BreadcrumbList","@id":"https:\/\/singout.brussels\/fr\/2023\/06\/25\/various-voices-bologna-2023-avant-bruxelles\/#breadcrumb","itemListElement":[{"@type":"ListItem","position":1,"name":"Home","item":"https:\/\/singout.brussels\/fr\/"},{"@type":"ListItem","position":2,"name":"Various Voices Bologna 2023, avant Bruxelles !"}]},{"@type":"WebSite","@id":"https:\/\/singout.brussels\/#website","url":"https:\/\/singout.brussels\/","name":"Sing Out Brussels!","description":"The Fabulous Queer Choir of Brussels","publisher":{"@id":"https:\/\/singout.brussels\/#organization"},"potentialAction":[{"@type":"SearchAction","target":{"@type":"EntryPoint","urlTemplate":"https:\/\/singout.brussels\/?s={search_term_string}"},"query-input":"required name=search_term_string"}],"inLanguage":"fr-FR"},{"@type":"Organization","@id":"https:\/\/singout.brussels\/#organization","name":"Sing Out Brussels!","url":"https:\/\/singout.brussels\/","logo":{"@type":"ImageObject","inLanguage":"fr-FR","@id":"https:\/\/singout.brussels\/#\/schema\/logo\/image\/","url":"https:\/\/singout.brussels\/wp-content\/uploads\/2021\/10\/logo-32-32.png","contentUrl":"https:\/\/singout.brussels\/wp-content\/uploads\/2021\/10\/logo-32-32.png","width":3286,"height":717,"caption":"Sing Out Brussels!"},"image":{"@id":"https:\/\/singout.brussels\/#\/schema\/logo\/image\/"}},{"@type":"Person","@id":"https:\/\/singout.brussels\/#\/schema\/person\/3a023e533e5a5e5993bb01ab7d1c15de","name":"singoutbrussels","image":{"@type":"ImageObject","inLanguage":"fr-FR","@id":"https:\/\/singout.brussels\/#\/schema\/person\/image\/","url":"https:\/\/secure.gravatar.com\/avatar\/bb753eed49a2032140a1d8822a5d1c70333a582dd9dcb367654b8a3462f5219d?s=96&d=mm&r=g","contentUrl":"https:\/\/secure.gravatar.com\/avatar\/bb753eed49a2032140a1d8822a5d1c70333a582dd9dcb367654b8a3462f5219d?s=96&d=mm&r=g","caption":"singoutbrussels"},"sameAs":["https:\/\/singout.brussels"],"url":"https:\/\/singout.brussels\/fr\/author\/singoutbrussels\/"}]}},"_links":{"self":[{"href":"https:\/\/singout.brussels\/fr\/wp-json\/wp\/v2\/posts\/4270","targetHints":{"allow":["GET"]}}],"collection":[{"href":"https:\/\/singout.brussels\/fr\/wp-json\/wp\/v2\/posts"}],"about":[{"href":"https:\/\/singout.brussels\/fr\/wp-json\/wp\/v2\/types\/post"}],"author":[{"embeddable":true,"href":"https:\/\/singout.brussels\/fr\/wp-json\/wp\/v2\/users\/1"}],"replies":[{"embeddable":true,"href":"https:\/\/singout.brussels\/fr\/wp-json\/wp\/v2\/comments?post=4270"}],"version-history":[{"count":5,"href":"https:\/\/singout.brussels\/fr\/wp-json\/wp\/v2\/posts\/4270\/revisions"}],"predecessor-version":[{"id":4300,"href":"https:\/\/singout.brussels\/fr\/wp-json\/wp\/v2\/posts\/4270\/revisions\/4300"}],"wp:featuredmedia":[{"embeddable":true,"href":"https:\/\/singout.brussels\/fr\/wp-json\/wp\/v2\/media\/4207"}],"wp:attachment":[{"href":"https:\/\/singout.brussels\/fr\/wp-json\/wp\/v2\/media?parent=4270"}],"wp:term":[{"taxonomy":"category","embeddable":true,"href":"https:\/\/singout.brussels\/fr\/wp-json\/wp\/v2\/categories?post=4270"},{"taxonomy":"post_tag","embeddable":true,"href":"https:\/\/singout.brussels\/fr\/wp-json\/wp\/v2\/tags?post=4270"}],"curies":[{"name":"wp","href":"https:\/\/api.w.org\/{rel}","templated":true}]}}