{"id":5588,"date":"2024-07-30T11:12:11","date_gmt":"2024-07-30T09:12:11","guid":{"rendered":"https:\/\/singout.brussels\/?p=5588"},"modified":"2024-08-08T11:03:37","modified_gmt":"2024-08-08T09:03:37","slug":"lets-zing-ensemble-a-bozar","status":"publish","type":"post","link":"https:\/\/singout.brussels\/fr\/2024\/07\/30\/lets-zing-ensemble-a-bozar\/","title":{"rendered":"Let&rsquo;s Zing Ensemble \u00e0 Bozar"},"content":{"rendered":"\n<p><p style=\"font-weight: 400;\"><strong>Le dimanche 23 juin, Sing Out Brussels! a particip\u00e9 \u00e0 un \u00e9v\u00e9nement inspirant organis\u00e9 par Bozar pour marquer le 10<sup>e<\/sup> anniversaire de cette initiative qui rassemble des chorales et choristes de toute la capitale.<\/strong><\/p><\/p>\n\n<p>Depuis dix ans, Bozar organise Singing Brussels, un projet annuel visant \u00e0 faire chanter Bruxelles. Diverses activit\u00e9s sont organis\u00e9es avec la participation de chorales amateurs et du grand public. Le chant est utilis\u00e9 pour rassembler les gens au-del\u00e0 des g\u00e9n\u00e9rations, des sexes et des identit\u00e9s ethniques et culturelles.<\/p>\n\n<figure class=\"wp-block-image size-large\"><img loading=\"lazy\" decoding=\"async\" width=\"1024\" height=\"684\" src=\"https:\/\/singout.brussels\/wp-content\/uploads\/2024\/07\/449168317_887890723377254_6980315586957914167_n-1024x684.jpg\" alt=\"\" class=\"wp-image-5610\" srcset=\"https:\/\/singout.brussels\/wp-content\/uploads\/2024\/07\/449168317_887890723377254_6980315586957914167_n-1024x684.jpg 1024w, https:\/\/singout.brussels\/wp-content\/uploads\/2024\/07\/449168317_887890723377254_6980315586957914167_n-300x200.jpg 300w, https:\/\/singout.brussels\/wp-content\/uploads\/2024\/07\/449168317_887890723377254_6980315586957914167_n-768x513.jpg 768w, https:\/\/singout.brussels\/wp-content\/uploads\/2024\/07\/449168317_887890723377254_6980315586957914167_n-1536x1026.jpg 1536w, https:\/\/singout.brussels\/wp-content\/uploads\/2024\/07\/449168317_887890723377254_6980315586957914167_n-1568x1047.jpg 1568w, https:\/\/singout.brussels\/wp-content\/uploads\/2024\/07\/449168317_887890723377254_6980315586957914167_n.jpg 2048w\" sizes=\"auto, (max-width: 1024px) 100vw, 1024px\" \/><\/figure>\n\n<p><p style=\"font-weight: 400;\"><a href=\"https:\/\/singout.brussels\/fr\/2019\/05\/05\/singing-brussels\/\">Sing Out Brussels! a d\u00e9j\u00e0 particip\u00e9 \u00e0 l&rsquo;\u00e9dition 2019<\/a> et a pris part cette ann\u00e9e \u00e0 <a href=\"https:\/\/www.bozar.be\/en\/lets-zing-ensemble\">Let&rsquo;s Zing Ensemble<\/a>, un \u00e9v\u00e9nement c\u00e9l\u00e9brant les dix ann\u00e9es de succ\u00e8s du projet original. Pour marquer le coup, dix compositeurices ayant des liens avec Bruxelles, mais repr\u00e9sentant diff\u00e9rentes g\u00e9n\u00e9rations et diff\u00e9rents styles, ont \u00e9t\u00e9 invit\u00e9s \u00e0 cr\u00e9er une pi\u00e8ce inspir\u00e9e par la ville. Les partitions \u00e0 quatre voix des dix chansons sont librement accessibles au public sur le <a href=\"https:\/\/www.bozar.be\/en\/repertoire\">site web de Bozar<\/a>, ainsi que les enregistrements r\u00e9alis\u00e9s par notre cheffe de choeu Emily Allison et d&rsquo;autres membres du <a href=\"https:\/\/brusselsvocalproject.com\/\">Brussels Vocal Project<\/a>.<\/p><\/p>\n\n<p><p style=\"font-weight: 400;\">Chaque chorale a travaill\u00e9 sur une s\u00e9lection de ces nouvelles chansons. \u00a0Sing Out Brussels! A choisi <a href=\"https:\/\/www.bozar.be\/en\/judith-kiddo\">Poppies in The Sky<\/a> de Judith Kiddo et <a href=\"https:\/\/www.bozar.be\/en\/nicolas-michaux\">Peace of Mind<\/a> de Nicolas Michaux. Le Brussels Vocal Project a \u00e9galement organis\u00e9 <a href=\"https:\/\/www.bozar.be\/en\/calendar\/lets-zing-ensemble-workshops\">une s\u00e9rie d&rsquo;ateliers publics<\/a> pour les choristes souhaitant participer, afin de former une chorale de base qui a chant\u00e9 aux c\u00f4t\u00e9s des 15 chorales amateurs participants au concert de cl\u00f4ture. Cet \u00e9v\u00e9nement final s&rsquo;est d\u00e9roul\u00e9 \u00a0dans la <a href=\"https:\/\/www.bozar.be\/fr\/la-salle-henry-le-boeuf\">Salle Henri Le B\u0153uf<\/a> de Bozar, lors d\u2019une journ\u00e9e compl\u00e8te m\u00ealant divers concerts \u00e0 l\u2019occasion de la F\u00eate de la Musique, offrant ainsi \u00e0 Sing Out un avant-go\u00fbt de ce qui se passera sera lorsque la chorale accueillera en 2026 <a href=\"http:\/\/www.various-voices.be\/\">Various Voices<\/a>, le festival europ\u00e9en des chorales LGBTQI+, sur cette sc\u00e8ne de renom. Le concert \u00e9tait accompagn\u00e9 d&rsquo;un orchestre compos\u00e9 des Young Belgian Strings ainsi que de membres de l&rsquo;Orchestre national de Belgique et de l\u2019Orchestra Academy, ce qui a cr\u00e9\u00e9 une atmosph\u00e8re vraiment magique.<\/p><\/p>\n\n<figure class=\"wp-block-image size-large\"><img loading=\"lazy\" decoding=\"async\" width=\"1024\" height=\"684\" src=\"https:\/\/singout.brussels\/wp-content\/uploads\/2024\/07\/449598992_887889373377389_2782257350633764778_n-1024x684.jpg\" alt=\"\" class=\"wp-image-5616\" srcset=\"https:\/\/singout.brussels\/wp-content\/uploads\/2024\/07\/449598992_887889373377389_2782257350633764778_n-1024x684.jpg 1024w, https:\/\/singout.brussels\/wp-content\/uploads\/2024\/07\/449598992_887889373377389_2782257350633764778_n-300x200.jpg 300w, https:\/\/singout.brussels\/wp-content\/uploads\/2024\/07\/449598992_887889373377389_2782257350633764778_n-768x513.jpg 768w, https:\/\/singout.brussels\/wp-content\/uploads\/2024\/07\/449598992_887889373377389_2782257350633764778_n-1536x1026.jpg 1536w, https:\/\/singout.brussels\/wp-content\/uploads\/2024\/07\/449598992_887889373377389_2782257350633764778_n-1568x1047.jpg 1568w, https:\/\/singout.brussels\/wp-content\/uploads\/2024\/07\/449598992_887889373377389_2782257350633764778_n.jpg 2048w\" sizes=\"auto, (max-width: 1024px) 100vw, 1024px\" \/><\/figure>\n\n<p><p style=\"font-weight: 400;\">Plus t\u00f4t dans la journ\u00e9e, un parcours choral a permis au public d&rsquo;entendre chacune des chorales amateurs participantes interpr\u00e9ter leur r\u00e9pertoire habituel. Par une belle journ\u00e9e d&rsquo;\u00e9t\u00e9, Sing Out a donn\u00e9 un concert de 30 minutes devant Bozar, dans la rue Baron Horta.<\/p><\/p>\n\n<figure class=\"wp-block-image size-large\"><img loading=\"lazy\" decoding=\"async\" width=\"1024\" height=\"684\" src=\"https:\/\/singout.brussels\/wp-content\/uploads\/2024\/07\/448948990_887890576710602_363155201174460360_n-1024x684.jpg\" alt=\"\" class=\"wp-image-5607\" srcset=\"https:\/\/singout.brussels\/wp-content\/uploads\/2024\/07\/448948990_887890576710602_363155201174460360_n-1024x684.jpg 1024w, https:\/\/singout.brussels\/wp-content\/uploads\/2024\/07\/448948990_887890576710602_363155201174460360_n-300x200.jpg 300w, https:\/\/singout.brussels\/wp-content\/uploads\/2024\/07\/448948990_887890576710602_363155201174460360_n-768x513.jpg 768w, https:\/\/singout.brussels\/wp-content\/uploads\/2024\/07\/448948990_887890576710602_363155201174460360_n-1536x1026.jpg 1536w, https:\/\/singout.brussels\/wp-content\/uploads\/2024\/07\/448948990_887890576710602_363155201174460360_n-1568x1047.jpg 1568w, https:\/\/singout.brussels\/wp-content\/uploads\/2024\/07\/448948990_887890576710602_363155201174460360_n.jpg 2048w\" sizes=\"auto, (max-width: 1024px) 100vw, 1024px\" \/><figcaption class=\"wp-element-caption\">Photos Bozar &#8211; Marin Driguez<\/figcaption><\/figure>\n\n<p>Regardez l&rsquo;aftermovie <a href=\"https:\/\/fb.watch\/tQgixCRvyw\/\" target=\"_blank\" rel=\"noreferrer noopener\">ici<\/a><\/p>\n","protected":false},"excerpt":{"rendered":"<p>Le dimanche 23 juin, Sing Out Brussels! a particip\u00e9 \u00e0 un \u00e9v\u00e9nement inspirant organis\u00e9 par Bozar pour marquer le 10e anniversaire de cette initiative qui rassemble des chorales et choristes de toute la capitale.<\/p>\n","protected":false},"author":1,"featured_media":5622,"comment_status":"closed","ping_status":"open","sticky":false,"template":"","format":"standard","meta":{"footnotes":""},"categories":[10],"tags":[],"class_list":["post-5588","post","type-post","status-publish","format-standard","has-post-thumbnail","hentry","category-actualites","entry"],"yoast_head":"<!-- This site is optimized with the Yoast SEO plugin v19.14 - https:\/\/yoast.com\/wordpress\/plugins\/seo\/ -->\n<title>Let&#039;s Zing Ensemble \u00e0 Bozar - Sing Out Brussels!<\/title>\n<meta name=\"robots\" content=\"index, follow, max-snippet:-1, max-image-preview:large, max-video-preview:-1\" \/>\n<link rel=\"canonical\" href=\"https:\/\/singout.brussels\/fr\/2024\/07\/30\/lets-zing-ensemble-a-bozar\/\" \/>\n<meta property=\"og:locale\" content=\"fr_FR\" \/>\n<meta property=\"og:type\" content=\"article\" \/>\n<meta property=\"og:title\" content=\"Let&#039;s Zing Ensemble \u00e0 Bozar - Sing Out Brussels!\" \/>\n<meta property=\"og:description\" content=\"Le dimanche 23 juin, Sing Out Brussels! a particip\u00e9 \u00e0 un \u00e9v\u00e9nement inspirant organis\u00e9 par Bozar pour marquer le 10e anniversaire de cette initiative qui rassemble des chorales et choristes de toute la capitale.\" \/>\n<meta property=\"og:url\" content=\"https:\/\/singout.brussels\/fr\/2024\/07\/30\/lets-zing-ensemble-a-bozar\/\" \/>\n<meta property=\"og:site_name\" content=\"Sing Out Brussels!\" \/>\n<meta property=\"article:published_time\" content=\"2024-07-30T09:12:11+00:00\" \/>\n<meta property=\"article:modified_time\" content=\"2024-08-08T09:03:37+00:00\" \/>\n<meta property=\"og:image\" content=\"https:\/\/singout.brussels\/wp-content\/uploads\/2024\/07\/449319712_887890643377262_7130587136903013898_n-1.jpg\" \/>\n\t<meta property=\"og:image:width\" content=\"2048\" \/>\n\t<meta property=\"og:image:height\" content=\"1152\" \/>\n\t<meta property=\"og:image:type\" content=\"image\/jpeg\" \/>\n<meta name=\"author\" content=\"singoutbrussels\" \/>\n<meta name=\"twitter:card\" content=\"summary_large_image\" \/>\n<meta name=\"twitter:label1\" content=\"\u00c9crit par\" \/>\n\t<meta name=\"twitter:data1\" content=\"singoutbrussels\" \/>\n\t<meta name=\"twitter:label2\" content=\"Dur\u00e9e de lecture estim\u00e9e\" \/>\n\t<meta name=\"twitter:data2\" content=\"2 minutes\" \/>\n<script type=\"application\/ld+json\" class=\"yoast-schema-graph\">{\"@context\":\"https:\/\/schema.org\",\"@graph\":[{\"@type\":\"Article\",\"@id\":\"https:\/\/singout.brussels\/fr\/2024\/07\/30\/lets-zing-ensemble-a-bozar\/#article\",\"isPartOf\":{\"@id\":\"https:\/\/singout.brussels\/fr\/2024\/07\/30\/lets-zing-ensemble-a-bozar\/\"},\"author\":{\"name\":\"singoutbrussels\",\"@id\":\"https:\/\/singout.brussels\/#\/schema\/person\/3a023e533e5a5e5993bb01ab7d1c15de\"},\"headline\":\"Let&rsquo;s Zing Ensemble \u00e0 Bozar\",\"datePublished\":\"2024-07-30T09:12:11+00:00\",\"dateModified\":\"2024-08-08T09:03:37+00:00\",\"mainEntityOfPage\":{\"@id\":\"https:\/\/singout.brussels\/fr\/2024\/07\/30\/lets-zing-ensemble-a-bozar\/\"},\"wordCount\":430,\"publisher\":{\"@id\":\"https:\/\/singout.brussels\/#organization\"},\"articleSection\":[\"Actualit\u00e9s\"],\"inLanguage\":\"fr-FR\"},{\"@type\":\"WebPage\",\"@id\":\"https:\/\/singout.brussels\/fr\/2024\/07\/30\/lets-zing-ensemble-a-bozar\/\",\"url\":\"https:\/\/singout.brussels\/fr\/2024\/07\/30\/lets-zing-ensemble-a-bozar\/\",\"name\":\"Let's Zing Ensemble \u00e0 Bozar - Sing Out Brussels!\",\"isPartOf\":{\"@id\":\"https:\/\/singout.brussels\/#website\"},\"datePublished\":\"2024-07-30T09:12:11+00:00\",\"dateModified\":\"2024-08-08T09:03:37+00:00\",\"breadcrumb\":{\"@id\":\"https:\/\/singout.brussels\/fr\/2024\/07\/30\/lets-zing-ensemble-a-bozar\/#breadcrumb\"},\"inLanguage\":\"fr-FR\",\"potentialAction\":[{\"@type\":\"ReadAction\",\"target\":[\"https:\/\/singout.brussels\/fr\/2024\/07\/30\/lets-zing-ensemble-a-bozar\/\"]}]},{\"@type\":\"BreadcrumbList\",\"@id\":\"https:\/\/singout.brussels\/fr\/2024\/07\/30\/lets-zing-ensemble-a-bozar\/#breadcrumb\",\"itemListElement\":[{\"@type\":\"ListItem\",\"position\":1,\"name\":\"Home\",\"item\":\"https:\/\/singout.brussels\/fr\/\"},{\"@type\":\"ListItem\",\"position\":2,\"name\":\"Let&#8217;s Zing Ensemble \u00e0 Bozar\"}]},{\"@type\":\"WebSite\",\"@id\":\"https:\/\/singout.brussels\/#website\",\"url\":\"https:\/\/singout.brussels\/\",\"name\":\"Sing Out Brussels!\",\"description\":\"The Fabulous Queer Choir of Brussels\",\"publisher\":{\"@id\":\"https:\/\/singout.brussels\/#organization\"},\"potentialAction\":[{\"@type\":\"SearchAction\",\"target\":{\"@type\":\"EntryPoint\",\"urlTemplate\":\"https:\/\/singout.brussels\/?s={search_term_string}\"},\"query-input\":\"required name=search_term_string\"}],\"inLanguage\":\"fr-FR\"},{\"@type\":\"Organization\",\"@id\":\"https:\/\/singout.brussels\/#organization\",\"name\":\"Sing Out Brussels!\",\"url\":\"https:\/\/singout.brussels\/\",\"logo\":{\"@type\":\"ImageObject\",\"inLanguage\":\"fr-FR\",\"@id\":\"https:\/\/singout.brussels\/#\/schema\/logo\/image\/\",\"url\":\"https:\/\/singout.brussels\/wp-content\/uploads\/2021\/10\/logo-32-32.png\",\"contentUrl\":\"https:\/\/singout.brussels\/wp-content\/uploads\/2021\/10\/logo-32-32.png\",\"width\":3286,\"height\":717,\"caption\":\"Sing Out Brussels!\"},\"image\":{\"@id\":\"https:\/\/singout.brussels\/#\/schema\/logo\/image\/\"}},{\"@type\":\"Person\",\"@id\":\"https:\/\/singout.brussels\/#\/schema\/person\/3a023e533e5a5e5993bb01ab7d1c15de\",\"name\":\"singoutbrussels\",\"image\":{\"@type\":\"ImageObject\",\"inLanguage\":\"fr-FR\",\"@id\":\"https:\/\/singout.brussels\/#\/schema\/person\/image\/\",\"url\":\"https:\/\/secure.gravatar.com\/avatar\/bb753eed49a2032140a1d8822a5d1c70333a582dd9dcb367654b8a3462f5219d?s=96&d=mm&r=g\",\"contentUrl\":\"https:\/\/secure.gravatar.com\/avatar\/bb753eed49a2032140a1d8822a5d1c70333a582dd9dcb367654b8a3462f5219d?s=96&d=mm&r=g\",\"caption\":\"singoutbrussels\"},\"sameAs\":[\"https:\/\/singout.brussels\"],\"url\":\"https:\/\/singout.brussels\/fr\/author\/singoutbrussels\/\"}]}<\/script>\n<!-- \/ Yoast SEO plugin. -->","yoast_head_json":{"title":"Let's Zing Ensemble \u00e0 Bozar - Sing Out Brussels!","robots":{"index":"index","follow":"follow","max-snippet":"max-snippet:-1","max-image-preview":"max-image-preview:large","max-video-preview":"max-video-preview:-1"},"canonical":"https:\/\/singout.brussels\/fr\/2024\/07\/30\/lets-zing-ensemble-a-bozar\/","og_locale":"fr_FR","og_type":"article","og_title":"Let's Zing Ensemble \u00e0 Bozar - Sing Out Brussels!","og_description":"Le dimanche 23 juin, Sing Out Brussels! a particip\u00e9 \u00e0 un \u00e9v\u00e9nement inspirant organis\u00e9 par Bozar pour marquer le 10e anniversaire de cette initiative qui rassemble des chorales et choristes de toute la capitale.","og_url":"https:\/\/singout.brussels\/fr\/2024\/07\/30\/lets-zing-ensemble-a-bozar\/","og_site_name":"Sing Out Brussels!","article_published_time":"2024-07-30T09:12:11+00:00","article_modified_time":"2024-08-08T09:03:37+00:00","og_image":[{"width":2048,"height":1152,"url":"https:\/\/singout.brussels\/wp-content\/uploads\/2024\/07\/449319712_887890643377262_7130587136903013898_n-1.jpg","type":"image\/jpeg"}],"author":"singoutbrussels","twitter_card":"summary_large_image","twitter_misc":{"\u00c9crit par":"singoutbrussels","Dur\u00e9e de lecture estim\u00e9e":"2 minutes"},"schema":{"@context":"https:\/\/schema.org","@graph":[{"@type":"Article","@id":"https:\/\/singout.brussels\/fr\/2024\/07\/30\/lets-zing-ensemble-a-bozar\/#article","isPartOf":{"@id":"https:\/\/singout.brussels\/fr\/2024\/07\/30\/lets-zing-ensemble-a-bozar\/"},"author":{"name":"singoutbrussels","@id":"https:\/\/singout.brussels\/#\/schema\/person\/3a023e533e5a5e5993bb01ab7d1c15de"},"headline":"Let&rsquo;s Zing Ensemble \u00e0 Bozar","datePublished":"2024-07-30T09:12:11+00:00","dateModified":"2024-08-08T09:03:37+00:00","mainEntityOfPage":{"@id":"https:\/\/singout.brussels\/fr\/2024\/07\/30\/lets-zing-ensemble-a-bozar\/"},"wordCount":430,"publisher":{"@id":"https:\/\/singout.brussels\/#organization"},"articleSection":["Actualit\u00e9s"],"inLanguage":"fr-FR"},{"@type":"WebPage","@id":"https:\/\/singout.brussels\/fr\/2024\/07\/30\/lets-zing-ensemble-a-bozar\/","url":"https:\/\/singout.brussels\/fr\/2024\/07\/30\/lets-zing-ensemble-a-bozar\/","name":"Let's Zing Ensemble \u00e0 Bozar - Sing Out Brussels!","isPartOf":{"@id":"https:\/\/singout.brussels\/#website"},"datePublished":"2024-07-30T09:12:11+00:00","dateModified":"2024-08-08T09:03:37+00:00","breadcrumb":{"@id":"https:\/\/singout.brussels\/fr\/2024\/07\/30\/lets-zing-ensemble-a-bozar\/#breadcrumb"},"inLanguage":"fr-FR","potentialAction":[{"@type":"ReadAction","target":["https:\/\/singout.brussels\/fr\/2024\/07\/30\/lets-zing-ensemble-a-bozar\/"]}]},{"@type":"BreadcrumbList","@id":"https:\/\/singout.brussels\/fr\/2024\/07\/30\/lets-zing-ensemble-a-bozar\/#breadcrumb","itemListElement":[{"@type":"ListItem","position":1,"name":"Home","item":"https:\/\/singout.brussels\/fr\/"},{"@type":"ListItem","position":2,"name":"Let&#8217;s Zing Ensemble \u00e0 Bozar"}]},{"@type":"WebSite","@id":"https:\/\/singout.brussels\/#website","url":"https:\/\/singout.brussels\/","name":"Sing Out Brussels!","description":"The Fabulous Queer Choir of Brussels","publisher":{"@id":"https:\/\/singout.brussels\/#organization"},"potentialAction":[{"@type":"SearchAction","target":{"@type":"EntryPoint","urlTemplate":"https:\/\/singout.brussels\/?s={search_term_string}"},"query-input":"required name=search_term_string"}],"inLanguage":"fr-FR"},{"@type":"Organization","@id":"https:\/\/singout.brussels\/#organization","name":"Sing Out Brussels!","url":"https:\/\/singout.brussels\/","logo":{"@type":"ImageObject","inLanguage":"fr-FR","@id":"https:\/\/singout.brussels\/#\/schema\/logo\/image\/","url":"https:\/\/singout.brussels\/wp-content\/uploads\/2021\/10\/logo-32-32.png","contentUrl":"https:\/\/singout.brussels\/wp-content\/uploads\/2021\/10\/logo-32-32.png","width":3286,"height":717,"caption":"Sing Out Brussels!"},"image":{"@id":"https:\/\/singout.brussels\/#\/schema\/logo\/image\/"}},{"@type":"Person","@id":"https:\/\/singout.brussels\/#\/schema\/person\/3a023e533e5a5e5993bb01ab7d1c15de","name":"singoutbrussels","image":{"@type":"ImageObject","inLanguage":"fr-FR","@id":"https:\/\/singout.brussels\/#\/schema\/person\/image\/","url":"https:\/\/secure.gravatar.com\/avatar\/bb753eed49a2032140a1d8822a5d1c70333a582dd9dcb367654b8a3462f5219d?s=96&d=mm&r=g","contentUrl":"https:\/\/secure.gravatar.com\/avatar\/bb753eed49a2032140a1d8822a5d1c70333a582dd9dcb367654b8a3462f5219d?s=96&d=mm&r=g","caption":"singoutbrussels"},"sameAs":["https:\/\/singout.brussels"],"url":"https:\/\/singout.brussels\/fr\/author\/singoutbrussels\/"}]}},"_links":{"self":[{"href":"https:\/\/singout.brussels\/fr\/wp-json\/wp\/v2\/posts\/5588","targetHints":{"allow":["GET"]}}],"collection":[{"href":"https:\/\/singout.brussels\/fr\/wp-json\/wp\/v2\/posts"}],"about":[{"href":"https:\/\/singout.brussels\/fr\/wp-json\/wp\/v2\/types\/post"}],"author":[{"embeddable":true,"href":"https:\/\/singout.brussels\/fr\/wp-json\/wp\/v2\/users\/1"}],"replies":[{"embeddable":true,"href":"https:\/\/singout.brussels\/fr\/wp-json\/wp\/v2\/comments?post=5588"}],"version-history":[{"count":5,"href":"https:\/\/singout.brussels\/fr\/wp-json\/wp\/v2\/posts\/5588\/revisions"}],"predecessor-version":[{"id":5630,"href":"https:\/\/singout.brussels\/fr\/wp-json\/wp\/v2\/posts\/5588\/revisions\/5630"}],"wp:featuredmedia":[{"embeddable":true,"href":"https:\/\/singout.brussels\/fr\/wp-json\/wp\/v2\/media\/5622"}],"wp:attachment":[{"href":"https:\/\/singout.brussels\/fr\/wp-json\/wp\/v2\/media?parent=5588"}],"wp:term":[{"taxonomy":"category","embeddable":true,"href":"https:\/\/singout.brussels\/fr\/wp-json\/wp\/v2\/categories?post=5588"},{"taxonomy":"post_tag","embeddable":true,"href":"https:\/\/singout.brussels\/fr\/wp-json\/wp\/v2\/tags?post=5588"}],"curies":[{"name":"wp","href":"https:\/\/api.w.org\/{rel}","templated":true}]}}