{"id":5731,"date":"2024-08-28T23:10:07","date_gmt":"2024-08-28T21:10:07","guid":{"rendered":"https:\/\/singout.brussels\/?p=5731"},"modified":"2024-08-28T23:10:08","modified_gmt":"2024-08-28T21:10:08","slug":"festival-journees-feministes","status":"publish","type":"post","link":"https:\/\/singout.brussels\/fr\/2024\/08\/28\/festival-journees-feministes\/","title":{"rendered":"Festival Journ\u00e9es f\u00e9ministes"},"content":{"rendered":"\n<p>Sing Out Brussels ! se r\u00e9jouit de participer \u00e0 la troisi\u00e8me \u00e9dition du festival Journ\u00e9es f\u00e9ministes organis\u00e9 par Amazone asbl. Cette ann\u00e9e, le festival explorera la dimension du genre en mati\u00e8re de logement \u00e0 travers des conf\u00e9rences, des ateliers, des expos, des projections de films, des visites guid\u00e9es, des performances et des jeux th\u00e9matiques.<\/p>\n\n\n\n<p>O\u00f9 ? Amazone asbl, Rue du M\u00e9ridien 10, 1210 Bruxelles<\/p>\n\n\n\n<p>Quand ? Vendredi 19 septembre \u00e0 20h30<\/p>\n\n\n\n<p>Infos ? <a href=\"https:\/\/www.facebook.com\/events\/1428446177854874\/\">Facebook Event<\/a><\/p>\n","protected":false},"excerpt":{"rendered":"<p>19\/09\/2024 20:30<\/p>\n","protected":false},"author":1,"featured_media":5729,"comment_status":"closed","ping_status":"open","sticky":false,"template":"","format":"standard","meta":{"footnotes":""},"categories":[21],"tags":[33],"class_list":["post-5731","post","type-post","status-publish","format-standard","has-post-thumbnail","hentry","category-evenements","tag-passe","entry"],"yoast_head":"<!-- This site is optimized with the Yoast SEO plugin v19.14 - https:\/\/yoast.com\/wordpress\/plugins\/seo\/ -->\n<title>Festival Journ\u00e9es f\u00e9ministes - Sing Out Brussels!<\/title>\n<meta name=\"robots\" content=\"index, follow, max-snippet:-1, max-image-preview:large, max-video-preview:-1\" \/>\n<link rel=\"canonical\" href=\"https:\/\/singout.brussels\/fr\/2024\/08\/28\/festival-journees-feministes\/\" \/>\n<meta property=\"og:locale\" content=\"fr_FR\" \/>\n<meta property=\"og:type\" content=\"article\" \/>\n<meta property=\"og:title\" content=\"Festival Journ\u00e9es f\u00e9ministes - Sing Out Brussels!\" \/>\n<meta property=\"og:description\" content=\"19\/09\/2024 20:30\" \/>\n<meta property=\"og:url\" content=\"https:\/\/singout.brussels\/fr\/2024\/08\/28\/festival-journees-feministes\/\" \/>\n<meta property=\"og:site_name\" content=\"Sing Out Brussels!\" \/>\n<meta property=\"article:published_time\" content=\"2024-08-28T21:10:07+00:00\" \/>\n<meta property=\"article:modified_time\" content=\"2024-08-28T21:10:08+00:00\" \/>\n<meta property=\"og:image\" content=\"https:\/\/singout.brussels\/wp-content\/uploads\/2024\/08\/452891257_925547959605376_465579728306780444_n.jpg\" \/>\n\t<meta property=\"og:image:width\" content=\"1920\" \/>\n\t<meta property=\"og:image:height\" content=\"1080\" \/>\n\t<meta property=\"og:image:type\" content=\"image\/jpeg\" \/>\n<meta name=\"author\" content=\"singoutbrussels\" \/>\n<meta name=\"twitter:card\" content=\"summary_large_image\" \/>\n<meta name=\"twitter:label1\" content=\"\u00c9crit par\" \/>\n\t<meta name=\"twitter:data1\" content=\"singoutbrussels\" \/>\n<script type=\"application\/ld+json\" class=\"yoast-schema-graph\">{\"@context\":\"https:\/\/schema.org\",\"@graph\":[{\"@type\":\"Article\",\"@id\":\"https:\/\/singout.brussels\/fr\/2024\/08\/28\/festival-journees-feministes\/#article\",\"isPartOf\":{\"@id\":\"https:\/\/singout.brussels\/fr\/2024\/08\/28\/festival-journees-feministes\/\"},\"author\":{\"name\":\"singoutbrussels\",\"@id\":\"https:\/\/singout.brussels\/#\/schema\/person\/3a023e533e5a5e5993bb01ab7d1c15de\"},\"headline\":\"Festival Journ\u00e9es f\u00e9ministes\",\"datePublished\":\"2024-08-28T21:10:07+00:00\",\"dateModified\":\"2024-08-28T21:10:08+00:00\",\"mainEntityOfPage\":{\"@id\":\"https:\/\/singout.brussels\/fr\/2024\/08\/28\/festival-journees-feministes\/\"},\"wordCount\":80,\"publisher\":{\"@id\":\"https:\/\/singout.brussels\/#organization\"},\"keywords\":[\"pass\u00e9\"],\"articleSection\":[\"\u00c9venements\"],\"inLanguage\":\"fr-FR\"},{\"@type\":\"WebPage\",\"@id\":\"https:\/\/singout.brussels\/fr\/2024\/08\/28\/festival-journees-feministes\/\",\"url\":\"https:\/\/singout.brussels\/fr\/2024\/08\/28\/festival-journees-feministes\/\",\"name\":\"Festival Journ\u00e9es f\u00e9ministes - Sing Out Brussels!\",\"isPartOf\":{\"@id\":\"https:\/\/singout.brussels\/#website\"},\"datePublished\":\"2024-08-28T21:10:07+00:00\",\"dateModified\":\"2024-08-28T21:10:08+00:00\",\"breadcrumb\":{\"@id\":\"https:\/\/singout.brussels\/fr\/2024\/08\/28\/festival-journees-feministes\/#breadcrumb\"},\"inLanguage\":\"fr-FR\",\"potentialAction\":[{\"@type\":\"ReadAction\",\"target\":[\"https:\/\/singout.brussels\/fr\/2024\/08\/28\/festival-journees-feministes\/\"]}]},{\"@type\":\"BreadcrumbList\",\"@id\":\"https:\/\/singout.brussels\/fr\/2024\/08\/28\/festival-journees-feministes\/#breadcrumb\",\"itemListElement\":[{\"@type\":\"ListItem\",\"position\":1,\"name\":\"Home\",\"item\":\"https:\/\/singout.brussels\/fr\/\"},{\"@type\":\"ListItem\",\"position\":2,\"name\":\"Festival Journ\u00e9es f\u00e9ministes\"}]},{\"@type\":\"WebSite\",\"@id\":\"https:\/\/singout.brussels\/#website\",\"url\":\"https:\/\/singout.brussels\/\",\"name\":\"Sing Out Brussels!\",\"description\":\"The Fabulous Queer Choir of Brussels\",\"publisher\":{\"@id\":\"https:\/\/singout.brussels\/#organization\"},\"potentialAction\":[{\"@type\":\"SearchAction\",\"target\":{\"@type\":\"EntryPoint\",\"urlTemplate\":\"https:\/\/singout.brussels\/?s={search_term_string}\"},\"query-input\":\"required name=search_term_string\"}],\"inLanguage\":\"fr-FR\"},{\"@type\":\"Organization\",\"@id\":\"https:\/\/singout.brussels\/#organization\",\"name\":\"Sing Out Brussels!\",\"url\":\"https:\/\/singout.brussels\/\",\"logo\":{\"@type\":\"ImageObject\",\"inLanguage\":\"fr-FR\",\"@id\":\"https:\/\/singout.brussels\/#\/schema\/logo\/image\/\",\"url\":\"https:\/\/singout.brussels\/wp-content\/uploads\/2021\/10\/logo-32-32.png\",\"contentUrl\":\"https:\/\/singout.brussels\/wp-content\/uploads\/2021\/10\/logo-32-32.png\",\"width\":3286,\"height\":717,\"caption\":\"Sing Out Brussels!\"},\"image\":{\"@id\":\"https:\/\/singout.brussels\/#\/schema\/logo\/image\/\"}},{\"@type\":\"Person\",\"@id\":\"https:\/\/singout.brussels\/#\/schema\/person\/3a023e533e5a5e5993bb01ab7d1c15de\",\"name\":\"singoutbrussels\",\"image\":{\"@type\":\"ImageObject\",\"inLanguage\":\"fr-FR\",\"@id\":\"https:\/\/singout.brussels\/#\/schema\/person\/image\/\",\"url\":\"https:\/\/secure.gravatar.com\/avatar\/bb753eed49a2032140a1d8822a5d1c70333a582dd9dcb367654b8a3462f5219d?s=96&d=mm&r=g\",\"contentUrl\":\"https:\/\/secure.gravatar.com\/avatar\/bb753eed49a2032140a1d8822a5d1c70333a582dd9dcb367654b8a3462f5219d?s=96&d=mm&r=g\",\"caption\":\"singoutbrussels\"},\"sameAs\":[\"https:\/\/singout.brussels\"],\"url\":\"https:\/\/singout.brussels\/fr\/author\/singoutbrussels\/\"}]}<\/script>\n<!-- \/ Yoast SEO plugin. -->","yoast_head_json":{"title":"Festival Journ\u00e9es f\u00e9ministes - Sing Out Brussels!","robots":{"index":"index","follow":"follow","max-snippet":"max-snippet:-1","max-image-preview":"max-image-preview:large","max-video-preview":"max-video-preview:-1"},"canonical":"https:\/\/singout.brussels\/fr\/2024\/08\/28\/festival-journees-feministes\/","og_locale":"fr_FR","og_type":"article","og_title":"Festival Journ\u00e9es f\u00e9ministes - Sing Out Brussels!","og_description":"19\/09\/2024 20:30","og_url":"https:\/\/singout.brussels\/fr\/2024\/08\/28\/festival-journees-feministes\/","og_site_name":"Sing Out Brussels!","article_published_time":"2024-08-28T21:10:07+00:00","article_modified_time":"2024-08-28T21:10:08+00:00","og_image":[{"width":1920,"height":1080,"url":"https:\/\/singout.brussels\/wp-content\/uploads\/2024\/08\/452891257_925547959605376_465579728306780444_n.jpg","type":"image\/jpeg"}],"author":"singoutbrussels","twitter_card":"summary_large_image","twitter_misc":{"\u00c9crit par":"singoutbrussels"},"schema":{"@context":"https:\/\/schema.org","@graph":[{"@type":"Article","@id":"https:\/\/singout.brussels\/fr\/2024\/08\/28\/festival-journees-feministes\/#article","isPartOf":{"@id":"https:\/\/singout.brussels\/fr\/2024\/08\/28\/festival-journees-feministes\/"},"author":{"name":"singoutbrussels","@id":"https:\/\/singout.brussels\/#\/schema\/person\/3a023e533e5a5e5993bb01ab7d1c15de"},"headline":"Festival Journ\u00e9es f\u00e9ministes","datePublished":"2024-08-28T21:10:07+00:00","dateModified":"2024-08-28T21:10:08+00:00","mainEntityOfPage":{"@id":"https:\/\/singout.brussels\/fr\/2024\/08\/28\/festival-journees-feministes\/"},"wordCount":80,"publisher":{"@id":"https:\/\/singout.brussels\/#organization"},"keywords":["pass\u00e9"],"articleSection":["\u00c9venements"],"inLanguage":"fr-FR"},{"@type":"WebPage","@id":"https:\/\/singout.brussels\/fr\/2024\/08\/28\/festival-journees-feministes\/","url":"https:\/\/singout.brussels\/fr\/2024\/08\/28\/festival-journees-feministes\/","name":"Festival Journ\u00e9es f\u00e9ministes - Sing Out Brussels!","isPartOf":{"@id":"https:\/\/singout.brussels\/#website"},"datePublished":"2024-08-28T21:10:07+00:00","dateModified":"2024-08-28T21:10:08+00:00","breadcrumb":{"@id":"https:\/\/singout.brussels\/fr\/2024\/08\/28\/festival-journees-feministes\/#breadcrumb"},"inLanguage":"fr-FR","potentialAction":[{"@type":"ReadAction","target":["https:\/\/singout.brussels\/fr\/2024\/08\/28\/festival-journees-feministes\/"]}]},{"@type":"BreadcrumbList","@id":"https:\/\/singout.brussels\/fr\/2024\/08\/28\/festival-journees-feministes\/#breadcrumb","itemListElement":[{"@type":"ListItem","position":1,"name":"Home","item":"https:\/\/singout.brussels\/fr\/"},{"@type":"ListItem","position":2,"name":"Festival Journ\u00e9es f\u00e9ministes"}]},{"@type":"WebSite","@id":"https:\/\/singout.brussels\/#website","url":"https:\/\/singout.brussels\/","name":"Sing Out Brussels!","description":"The Fabulous Queer Choir of Brussels","publisher":{"@id":"https:\/\/singout.brussels\/#organization"},"potentialAction":[{"@type":"SearchAction","target":{"@type":"EntryPoint","urlTemplate":"https:\/\/singout.brussels\/?s={search_term_string}"},"query-input":"required name=search_term_string"}],"inLanguage":"fr-FR"},{"@type":"Organization","@id":"https:\/\/singout.brussels\/#organization","name":"Sing Out Brussels!","url":"https:\/\/singout.brussels\/","logo":{"@type":"ImageObject","inLanguage":"fr-FR","@id":"https:\/\/singout.brussels\/#\/schema\/logo\/image\/","url":"https:\/\/singout.brussels\/wp-content\/uploads\/2021\/10\/logo-32-32.png","contentUrl":"https:\/\/singout.brussels\/wp-content\/uploads\/2021\/10\/logo-32-32.png","width":3286,"height":717,"caption":"Sing Out Brussels!"},"image":{"@id":"https:\/\/singout.brussels\/#\/schema\/logo\/image\/"}},{"@type":"Person","@id":"https:\/\/singout.brussels\/#\/schema\/person\/3a023e533e5a5e5993bb01ab7d1c15de","name":"singoutbrussels","image":{"@type":"ImageObject","inLanguage":"fr-FR","@id":"https:\/\/singout.brussels\/#\/schema\/person\/image\/","url":"https:\/\/secure.gravatar.com\/avatar\/bb753eed49a2032140a1d8822a5d1c70333a582dd9dcb367654b8a3462f5219d?s=96&d=mm&r=g","contentUrl":"https:\/\/secure.gravatar.com\/avatar\/bb753eed49a2032140a1d8822a5d1c70333a582dd9dcb367654b8a3462f5219d?s=96&d=mm&r=g","caption":"singoutbrussels"},"sameAs":["https:\/\/singout.brussels"],"url":"https:\/\/singout.brussels\/fr\/author\/singoutbrussels\/"}]}},"_links":{"self":[{"href":"https:\/\/singout.brussels\/fr\/wp-json\/wp\/v2\/posts\/5731","targetHints":{"allow":["GET"]}}],"collection":[{"href":"https:\/\/singout.brussels\/fr\/wp-json\/wp\/v2\/posts"}],"about":[{"href":"https:\/\/singout.brussels\/fr\/wp-json\/wp\/v2\/types\/post"}],"author":[{"embeddable":true,"href":"https:\/\/singout.brussels\/fr\/wp-json\/wp\/v2\/users\/1"}],"replies":[{"embeddable":true,"href":"https:\/\/singout.brussels\/fr\/wp-json\/wp\/v2\/comments?post=5731"}],"version-history":[{"count":2,"href":"https:\/\/singout.brussels\/fr\/wp-json\/wp\/v2\/posts\/5731\/revisions"}],"predecessor-version":[{"id":5735,"href":"https:\/\/singout.brussels\/fr\/wp-json\/wp\/v2\/posts\/5731\/revisions\/5735"}],"wp:featuredmedia":[{"embeddable":true,"href":"https:\/\/singout.brussels\/fr\/wp-json\/wp\/v2\/media\/5729"}],"wp:attachment":[{"href":"https:\/\/singout.brussels\/fr\/wp-json\/wp\/v2\/media?parent=5731"}],"wp:term":[{"taxonomy":"category","embeddable":true,"href":"https:\/\/singout.brussels\/fr\/wp-json\/wp\/v2\/categories?post=5731"},{"taxonomy":"post_tag","embeddable":true,"href":"https:\/\/singout.brussels\/fr\/wp-json\/wp\/v2\/tags?post=5731"}],"curies":[{"name":"wp","href":"https:\/\/api.w.org\/{rel}","templated":true}]}}