{"id":5921,"date":"2024-12-19T16:17:08","date_gmt":"2024-12-19T15:17:08","guid":{"rendered":"https:\/\/singout.brussels\/?p=5921"},"modified":"2024-12-19T16:26:02","modified_gmt":"2024-12-19T15:26:02","slug":"la-nuit-positive-nos-voix-au-service-de-la-lutte-contre-le-vih","status":"publish","type":"post","link":"https:\/\/singout.brussels\/fr\/2024\/12\/19\/la-nuit-positive-nos-voix-au-service-de-la-lutte-contre-le-vih\/","title":{"rendered":"La Nuit positive &#8211; Nos voix au service de la lutte contre le VIH"},"content":{"rendered":"\n<p>A l&rsquo;occasion de son 30e anniversaire, l&rsquo;association Ex Aequo a organis\u00e9 un grand concert caritatif \u00e0 la Madeleine, dans le centre de Bruxelles. Ce show a r\u00e9uni de nombreux artistes belges : No\u00e9 Preszow, Gustaph, LaDiva Live, Marie Warnant, Karine Clercq, Nino Uncut, Doowy, Mustii et beaucoup d&rsquo;autres. Sing Out Brussels! faisait \u00e9galement partie des artistes invit\u00e9s. <\/p>\n\n\n\n<figure class=\"wp-block-embed is-type-video is-provider-youtube wp-block-embed-youtube wp-embed-aspect-16-9 wp-has-aspect-ratio\"><div class=\"wp-block-embed__wrapper\">\n<iframe loading=\"lazy\" title=\"Hoshi - Amour censure I Sung by Sing Out Brussels!\" width=\"1000\" height=\"563\" src=\"https:\/\/www.youtube.com\/embed\/voYV1SGqNB0?feature=oembed\" frameborder=\"0\" allow=\"accelerometer; autoplay; clipboard-write; encrypted-media; gyroscope; picture-in-picture; web-share\" referrerpolicy=\"strict-origin-when-cross-origin\" allowfullscreen><\/iframe>\n<\/div><\/figure>\n\n\n\n<p><a href=\"https:\/\/www.google.com\/url?q=https%3A%2F%2Fwww.exaequo.be%2Ffr%2F&amp;sa=D&amp;sntz=1&amp;usg=AOvVaw1uqoPSsPVjPJG4u3ITaUlS\">Ex Aequo<\/a> est un acteur de premier plan de la lutte contre le VIH en Belgique, tant en mati\u00e8re de pr\u00e9vention que d&rsquo;accompagnement des personnes s\u00e9ropositives.&nbsp;30 ans apr\u00e8s sa cr\u00e9ation, l&rsquo;association et ses b\u00e9n\u00e9voles font toujours face \u00e0 des d\u00e9fis importants alors qu&rsquo;environ 50% des nouvelles contaminations touchent les hommes qui ont des rapports sexuels avec d&rsquo;autres hommes chaque ann\u00e9e. Durant la soir\u00e9e, des vid\u00e9os ont rappel\u00e9 que les personnes s\u00e9ropositives souffrent toujours de nombreux pr\u00e9jug\u00e9s. Une personne s\u00e9ropositive qui a une charge virale ind\u00e9tectable gr\u00e2ce \u00e0 son traitement peut pourtant avoir des relations sexuelles avec son\u00b7sa partenaire sans pr\u00e9servatif sans aucun risque de transmettre le VIH, quelles que soient les pratiques (rapports vaginaux, anaux, oraux). Elle peut donc aussi&nbsp;avoir des enfants s\u00e9ron\u00e9gatifs de mani\u00e8re naturelle&nbsp;(sans assistance m\u00e9dicale) et donner naissance \u00e0 des enfants s\u00e9ron\u00e9gatifs.<\/p>\n\n\n\n<figure class=\"wp-block-embed is-type-video is-provider-youtube wp-block-embed-youtube wp-embed-aspect-16-9 wp-has-aspect-ratio\"><div class=\"wp-block-embed__wrapper\">\n<iframe loading=\"lazy\" title=\"Holding out for a hero - Bonnie Tyler - Sung by Sing Out Brussels!\" width=\"1000\" height=\"563\" src=\"https:\/\/www.youtube.com\/embed\/zcSXwfLaA-M?feature=oembed\" frameborder=\"0\" allow=\"accelerometer; autoplay; clipboard-write; encrypted-media; gyroscope; picture-in-picture; web-share\" referrerpolicy=\"strict-origin-when-cross-origin\" allowfullscreen><\/iframe>\n<\/div><\/figure>\n\n\n\n<p>En cl\u00f4ture de la soir\u00e9e, Sing Out Brussels! a eu l&rsquo;honneur de chanter avec Mustii, pour faire les choeurs de sa chanson \u00ab\u00a0Before the party is over\u00a0\u00bb, avec laquelle il a repr\u00e9sent\u00e9 la Belgique \u00e0 l&rsquo;Eurovision cette ann\u00e9e. Un grand moment dont les choristes se souviendront longtemps ! <\/p>\n\n\n\n<figure class=\"wp-block-embed is-type-video is-provider-youtube wp-block-embed-youtube wp-embed-aspect-16-9 wp-has-aspect-ratio\"><div class=\"wp-block-embed__wrapper\">\n<iframe loading=\"lazy\" title=\"Before the party&#039;s over - Mustii &amp; Sing Out Brussels!\" width=\"1000\" height=\"563\" src=\"https:\/\/www.youtube.com\/embed\/55yIYH194wA?feature=oembed\" frameborder=\"0\" allow=\"accelerometer; autoplay; clipboard-write; encrypted-media; gyroscope; picture-in-picture; web-share\" referrerpolicy=\"strict-origin-when-cross-origin\" allowfullscreen><\/iframe>\n<\/div><\/figure>\n\n\n\n<p>La collecte de fonds d&rsquo;Ex Aequo se poursuit. Soutenez l&rsquo;association dans son travail en faisant un don <a href=\"https:\/\/www.payconiq.be\/charity\/460\/nuit-positive-pour-la-lutte-contre-le-vih?lang=fr\" target=\"_blank\" rel=\"noreferrer noopener\">ici<\/a>. <\/p>\n\n\n\n<p><\/p>\n","protected":false},"excerpt":{"rendered":"<p>A l&rsquo;occasion de son 30e anniversaire, l&rsquo;association Ex Aequo a organis\u00e9 un grand concert caritatif \u00e0 la Madeleine. Sing Out Brussels! faisait partie des artistes invit\u00e9s et a eu l&rsquo;honneur de chanter avec Mustii! <\/p>\n","protected":false},"author":1,"featured_media":5922,"comment_status":"closed","ping_status":"open","sticky":false,"template":"","format":"standard","meta":{"footnotes":""},"categories":[10],"tags":[],"class_list":["post-5921","post","type-post","status-publish","format-standard","has-post-thumbnail","hentry","category-actualites","entry"],"yoast_head":"<!-- This site is optimized with the Yoast SEO plugin v19.14 - https:\/\/yoast.com\/wordpress\/plugins\/seo\/ -->\n<title>La Nuit positive - Nos voix au service de la lutte contre le VIH - Sing Out Brussels!<\/title>\n<meta name=\"robots\" content=\"index, follow, max-snippet:-1, max-image-preview:large, max-video-preview:-1\" \/>\n<link rel=\"canonical\" href=\"https:\/\/singout.brussels\/fr\/2024\/12\/19\/la-nuit-positive-nos-voix-au-service-de-la-lutte-contre-le-vih\/\" \/>\n<meta property=\"og:locale\" content=\"fr_FR\" \/>\n<meta property=\"og:type\" content=\"article\" \/>\n<meta property=\"og:title\" content=\"La Nuit positive - Nos voix au service de la lutte contre le VIH - Sing Out Brussels!\" \/>\n<meta property=\"og:description\" content=\"A l&#039;occasion de son 30e anniversaire, l&#039;association Ex Aequo a organis\u00e9 un grand concert caritatif \u00e0 la Madeleine. Sing Out Brussels! faisait partie des artistes invit\u00e9s et a eu l&#039;honneur de chanter avec Mustii!\" \/>\n<meta property=\"og:url\" content=\"https:\/\/singout.brussels\/fr\/2024\/12\/19\/la-nuit-positive-nos-voix-au-service-de-la-lutte-contre-le-vih\/\" \/>\n<meta property=\"og:site_name\" content=\"Sing Out Brussels!\" \/>\n<meta property=\"article:published_time\" content=\"2024-12-19T15:17:08+00:00\" \/>\n<meta property=\"article:modified_time\" content=\"2024-12-19T15:26:02+00:00\" \/>\n<meta property=\"og:image\" content=\"https:\/\/singout.brussels\/wp-content\/uploads\/2024\/12\/838836b8-a97a-426c-86a7-b65fea2040cd.jpg\" \/>\n\t<meta property=\"og:image:width\" content=\"2044\" \/>\n\t<meta property=\"og:image:height\" content=\"1150\" \/>\n\t<meta property=\"og:image:type\" content=\"image\/jpeg\" \/>\n<meta name=\"author\" content=\"singoutbrussels\" \/>\n<meta name=\"twitter:card\" content=\"summary_large_image\" \/>\n<meta name=\"twitter:label1\" content=\"\u00c9crit par\" \/>\n\t<meta name=\"twitter:data1\" content=\"singoutbrussels\" \/>\n<script type=\"application\/ld+json\" class=\"yoast-schema-graph\">{\"@context\":\"https:\/\/schema.org\",\"@graph\":[{\"@type\":\"Article\",\"@id\":\"https:\/\/singout.brussels\/fr\/2024\/12\/19\/la-nuit-positive-nos-voix-au-service-de-la-lutte-contre-le-vih\/#article\",\"isPartOf\":{\"@id\":\"https:\/\/singout.brussels\/fr\/2024\/12\/19\/la-nuit-positive-nos-voix-au-service-de-la-lutte-contre-le-vih\/\"},\"author\":{\"name\":\"singoutbrussels\",\"@id\":\"https:\/\/singout.brussels\/#\/schema\/person\/3a023e533e5a5e5993bb01ab7d1c15de\"},\"headline\":\"La Nuit positive &#8211; Nos voix au service de la lutte contre le VIH\",\"datePublished\":\"2024-12-19T15:17:08+00:00\",\"dateModified\":\"2024-12-19T15:26:02+00:00\",\"mainEntityOfPage\":{\"@id\":\"https:\/\/singout.brussels\/fr\/2024\/12\/19\/la-nuit-positive-nos-voix-au-service-de-la-lutte-contre-le-vih\/\"},\"wordCount\":314,\"publisher\":{\"@id\":\"https:\/\/singout.brussels\/#organization\"},\"articleSection\":[\"Actualit\u00e9s\"],\"inLanguage\":\"fr-FR\"},{\"@type\":\"WebPage\",\"@id\":\"https:\/\/singout.brussels\/fr\/2024\/12\/19\/la-nuit-positive-nos-voix-au-service-de-la-lutte-contre-le-vih\/\",\"url\":\"https:\/\/singout.brussels\/fr\/2024\/12\/19\/la-nuit-positive-nos-voix-au-service-de-la-lutte-contre-le-vih\/\",\"name\":\"La Nuit positive - Nos voix au service de la lutte contre le VIH - Sing Out Brussels!\",\"isPartOf\":{\"@id\":\"https:\/\/singout.brussels\/#website\"},\"datePublished\":\"2024-12-19T15:17:08+00:00\",\"dateModified\":\"2024-12-19T15:26:02+00:00\",\"breadcrumb\":{\"@id\":\"https:\/\/singout.brussels\/fr\/2024\/12\/19\/la-nuit-positive-nos-voix-au-service-de-la-lutte-contre-le-vih\/#breadcrumb\"},\"inLanguage\":\"fr-FR\",\"potentialAction\":[{\"@type\":\"ReadAction\",\"target\":[\"https:\/\/singout.brussels\/fr\/2024\/12\/19\/la-nuit-positive-nos-voix-au-service-de-la-lutte-contre-le-vih\/\"]}]},{\"@type\":\"BreadcrumbList\",\"@id\":\"https:\/\/singout.brussels\/fr\/2024\/12\/19\/la-nuit-positive-nos-voix-au-service-de-la-lutte-contre-le-vih\/#breadcrumb\",\"itemListElement\":[{\"@type\":\"ListItem\",\"position\":1,\"name\":\"Home\",\"item\":\"https:\/\/singout.brussels\/fr\/\"},{\"@type\":\"ListItem\",\"position\":2,\"name\":\"La Nuit positive &#8211; Nos voix au service de la lutte contre le VIH\"}]},{\"@type\":\"WebSite\",\"@id\":\"https:\/\/singout.brussels\/#website\",\"url\":\"https:\/\/singout.brussels\/\",\"name\":\"Sing Out Brussels!\",\"description\":\"The Fabulous Queer Choir of Brussels\",\"publisher\":{\"@id\":\"https:\/\/singout.brussels\/#organization\"},\"potentialAction\":[{\"@type\":\"SearchAction\",\"target\":{\"@type\":\"EntryPoint\",\"urlTemplate\":\"https:\/\/singout.brussels\/?s={search_term_string}\"},\"query-input\":\"required name=search_term_string\"}],\"inLanguage\":\"fr-FR\"},{\"@type\":\"Organization\",\"@id\":\"https:\/\/singout.brussels\/#organization\",\"name\":\"Sing Out Brussels!\",\"url\":\"https:\/\/singout.brussels\/\",\"logo\":{\"@type\":\"ImageObject\",\"inLanguage\":\"fr-FR\",\"@id\":\"https:\/\/singout.brussels\/#\/schema\/logo\/image\/\",\"url\":\"https:\/\/singout.brussels\/wp-content\/uploads\/2021\/10\/logo-32-32.png\",\"contentUrl\":\"https:\/\/singout.brussels\/wp-content\/uploads\/2021\/10\/logo-32-32.png\",\"width\":3286,\"height\":717,\"caption\":\"Sing Out Brussels!\"},\"image\":{\"@id\":\"https:\/\/singout.brussels\/#\/schema\/logo\/image\/\"}},{\"@type\":\"Person\",\"@id\":\"https:\/\/singout.brussels\/#\/schema\/person\/3a023e533e5a5e5993bb01ab7d1c15de\",\"name\":\"singoutbrussels\",\"image\":{\"@type\":\"ImageObject\",\"inLanguage\":\"fr-FR\",\"@id\":\"https:\/\/singout.brussels\/#\/schema\/person\/image\/\",\"url\":\"https:\/\/secure.gravatar.com\/avatar\/bb753eed49a2032140a1d8822a5d1c70333a582dd9dcb367654b8a3462f5219d?s=96&d=mm&r=g\",\"contentUrl\":\"https:\/\/secure.gravatar.com\/avatar\/bb753eed49a2032140a1d8822a5d1c70333a582dd9dcb367654b8a3462f5219d?s=96&d=mm&r=g\",\"caption\":\"singoutbrussels\"},\"sameAs\":[\"https:\/\/singout.brussels\"],\"url\":\"https:\/\/singout.brussels\/fr\/author\/singoutbrussels\/\"}]}<\/script>\n<!-- \/ Yoast SEO plugin. -->","yoast_head_json":{"title":"La Nuit positive - Nos voix au service de la lutte contre le VIH - Sing Out Brussels!","robots":{"index":"index","follow":"follow","max-snippet":"max-snippet:-1","max-image-preview":"max-image-preview:large","max-video-preview":"max-video-preview:-1"},"canonical":"https:\/\/singout.brussels\/fr\/2024\/12\/19\/la-nuit-positive-nos-voix-au-service-de-la-lutte-contre-le-vih\/","og_locale":"fr_FR","og_type":"article","og_title":"La Nuit positive - Nos voix au service de la lutte contre le VIH - Sing Out Brussels!","og_description":"A l'occasion de son 30e anniversaire, l'association Ex Aequo a organis\u00e9 un grand concert caritatif \u00e0 la Madeleine. Sing Out Brussels! faisait partie des artistes invit\u00e9s et a eu l'honneur de chanter avec Mustii!","og_url":"https:\/\/singout.brussels\/fr\/2024\/12\/19\/la-nuit-positive-nos-voix-au-service-de-la-lutte-contre-le-vih\/","og_site_name":"Sing Out Brussels!","article_published_time":"2024-12-19T15:17:08+00:00","article_modified_time":"2024-12-19T15:26:02+00:00","og_image":[{"width":2044,"height":1150,"url":"https:\/\/singout.brussels\/wp-content\/uploads\/2024\/12\/838836b8-a97a-426c-86a7-b65fea2040cd.jpg","type":"image\/jpeg"}],"author":"singoutbrussels","twitter_card":"summary_large_image","twitter_misc":{"\u00c9crit par":"singoutbrussels"},"schema":{"@context":"https:\/\/schema.org","@graph":[{"@type":"Article","@id":"https:\/\/singout.brussels\/fr\/2024\/12\/19\/la-nuit-positive-nos-voix-au-service-de-la-lutte-contre-le-vih\/#article","isPartOf":{"@id":"https:\/\/singout.brussels\/fr\/2024\/12\/19\/la-nuit-positive-nos-voix-au-service-de-la-lutte-contre-le-vih\/"},"author":{"name":"singoutbrussels","@id":"https:\/\/singout.brussels\/#\/schema\/person\/3a023e533e5a5e5993bb01ab7d1c15de"},"headline":"La Nuit positive &#8211; Nos voix au service de la lutte contre le VIH","datePublished":"2024-12-19T15:17:08+00:00","dateModified":"2024-12-19T15:26:02+00:00","mainEntityOfPage":{"@id":"https:\/\/singout.brussels\/fr\/2024\/12\/19\/la-nuit-positive-nos-voix-au-service-de-la-lutte-contre-le-vih\/"},"wordCount":314,"publisher":{"@id":"https:\/\/singout.brussels\/#organization"},"articleSection":["Actualit\u00e9s"],"inLanguage":"fr-FR"},{"@type":"WebPage","@id":"https:\/\/singout.brussels\/fr\/2024\/12\/19\/la-nuit-positive-nos-voix-au-service-de-la-lutte-contre-le-vih\/","url":"https:\/\/singout.brussels\/fr\/2024\/12\/19\/la-nuit-positive-nos-voix-au-service-de-la-lutte-contre-le-vih\/","name":"La Nuit positive - Nos voix au service de la lutte contre le VIH - Sing Out Brussels!","isPartOf":{"@id":"https:\/\/singout.brussels\/#website"},"datePublished":"2024-12-19T15:17:08+00:00","dateModified":"2024-12-19T15:26:02+00:00","breadcrumb":{"@id":"https:\/\/singout.brussels\/fr\/2024\/12\/19\/la-nuit-positive-nos-voix-au-service-de-la-lutte-contre-le-vih\/#breadcrumb"},"inLanguage":"fr-FR","potentialAction":[{"@type":"ReadAction","target":["https:\/\/singout.brussels\/fr\/2024\/12\/19\/la-nuit-positive-nos-voix-au-service-de-la-lutte-contre-le-vih\/"]}]},{"@type":"BreadcrumbList","@id":"https:\/\/singout.brussels\/fr\/2024\/12\/19\/la-nuit-positive-nos-voix-au-service-de-la-lutte-contre-le-vih\/#breadcrumb","itemListElement":[{"@type":"ListItem","position":1,"name":"Home","item":"https:\/\/singout.brussels\/fr\/"},{"@type":"ListItem","position":2,"name":"La Nuit positive &#8211; Nos voix au service de la lutte contre le VIH"}]},{"@type":"WebSite","@id":"https:\/\/singout.brussels\/#website","url":"https:\/\/singout.brussels\/","name":"Sing Out Brussels!","description":"The Fabulous Queer Choir of Brussels","publisher":{"@id":"https:\/\/singout.brussels\/#organization"},"potentialAction":[{"@type":"SearchAction","target":{"@type":"EntryPoint","urlTemplate":"https:\/\/singout.brussels\/?s={search_term_string}"},"query-input":"required name=search_term_string"}],"inLanguage":"fr-FR"},{"@type":"Organization","@id":"https:\/\/singout.brussels\/#organization","name":"Sing Out Brussels!","url":"https:\/\/singout.brussels\/","logo":{"@type":"ImageObject","inLanguage":"fr-FR","@id":"https:\/\/singout.brussels\/#\/schema\/logo\/image\/","url":"https:\/\/singout.brussels\/wp-content\/uploads\/2021\/10\/logo-32-32.png","contentUrl":"https:\/\/singout.brussels\/wp-content\/uploads\/2021\/10\/logo-32-32.png","width":3286,"height":717,"caption":"Sing Out Brussels!"},"image":{"@id":"https:\/\/singout.brussels\/#\/schema\/logo\/image\/"}},{"@type":"Person","@id":"https:\/\/singout.brussels\/#\/schema\/person\/3a023e533e5a5e5993bb01ab7d1c15de","name":"singoutbrussels","image":{"@type":"ImageObject","inLanguage":"fr-FR","@id":"https:\/\/singout.brussels\/#\/schema\/person\/image\/","url":"https:\/\/secure.gravatar.com\/avatar\/bb753eed49a2032140a1d8822a5d1c70333a582dd9dcb367654b8a3462f5219d?s=96&d=mm&r=g","contentUrl":"https:\/\/secure.gravatar.com\/avatar\/bb753eed49a2032140a1d8822a5d1c70333a582dd9dcb367654b8a3462f5219d?s=96&d=mm&r=g","caption":"singoutbrussels"},"sameAs":["https:\/\/singout.brussels"],"url":"https:\/\/singout.brussels\/fr\/author\/singoutbrussels\/"}]}},"_links":{"self":[{"href":"https:\/\/singout.brussels\/fr\/wp-json\/wp\/v2\/posts\/5921","targetHints":{"allow":["GET"]}}],"collection":[{"href":"https:\/\/singout.brussels\/fr\/wp-json\/wp\/v2\/posts"}],"about":[{"href":"https:\/\/singout.brussels\/fr\/wp-json\/wp\/v2\/types\/post"}],"author":[{"embeddable":true,"href":"https:\/\/singout.brussels\/fr\/wp-json\/wp\/v2\/users\/1"}],"replies":[{"embeddable":true,"href":"https:\/\/singout.brussels\/fr\/wp-json\/wp\/v2\/comments?post=5921"}],"version-history":[{"count":3,"href":"https:\/\/singout.brussels\/fr\/wp-json\/wp\/v2\/posts\/5921\/revisions"}],"predecessor-version":[{"id":5932,"href":"https:\/\/singout.brussels\/fr\/wp-json\/wp\/v2\/posts\/5921\/revisions\/5932"}],"wp:featuredmedia":[{"embeddable":true,"href":"https:\/\/singout.brussels\/fr\/wp-json\/wp\/v2\/media\/5922"}],"wp:attachment":[{"href":"https:\/\/singout.brussels\/fr\/wp-json\/wp\/v2\/media?parent=5921"}],"wp:term":[{"taxonomy":"category","embeddable":true,"href":"https:\/\/singout.brussels\/fr\/wp-json\/wp\/v2\/categories?post=5921"},{"taxonomy":"post_tag","embeddable":true,"href":"https:\/\/singout.brussels\/fr\/wp-json\/wp\/v2\/tags?post=5921"}],"curies":[{"name":"wp","href":"https:\/\/api.w.org\/{rel}","templated":true}]}}