{"id":6031,"date":"2025-04-25T19:46:22","date_gmt":"2025-04-25T17:46:22","guid":{"rendered":"https:\/\/singout.brussels\/?p=6031"},"modified":"2025-05-29T13:24:31","modified_gmt":"2025-05-29T11:24:31","slug":"pop-up-choir-brussels-pride-week","status":"publish","type":"post","link":"https:\/\/singout.brussels\/fr\/2025\/04\/25\/pop-up-choir-brussels-pride-week\/","title":{"rendered":"Pop-up Choir (Pride week)"},"content":{"rendered":"\n<p><strong>Les inscriptions sont d\u00e9sormais closes car l&rsquo;atelier est complet. Happy Pride!<\/strong><\/p>\n\n\n\n<p>D\u00e9couvre la magie du chant collectif dans un safer space, rejoins Sing Out Brussels ! &#8211; The Fabulous Queer Choir et notre cheffe de ch\u0153ur Emily Allison pour une soir\u00e9e conviviale de chant dans un espace LGBTQIA+ inclusif sans exp\u00e9rience requise.<\/p>\n\n\n\n<p>Sing Out Brussels! (The Fabulous Queer Choir) r\u00e9unit ses membres autour de la joie du chant en harmonie, dans un espace inclusif et bienveillant. Cette ann\u00e9e, nous souhaitons partager cette joie avec tou.te.x.s les Bruxellois.e.x.s !<\/p>\n\n\n\n<p>Nous proposons un atelier de chant collectif pop-up, ouvert \u00e0 tout le monde, ind\u00e9pendamment de l&rsquo;identit\u00e9, de l\u2019orientation, de l\u2019exp\u00e9rience vocale ou de la langue parl\u00e9e. Que vous soyez chanteur.euse.x exp\u00e9riment\u00e9.e.x, star du karaok\u00e9 ou diva sous la douche, cet atelier est fait pour vous!<\/p>\n\n\n\n<p>Ta voix change-t-elle au fur et \u00e0 mesure de ta transition ? Pas de probl\u00e8me ! Des jeux et des exercices cr\u00e9atifs t&rsquo;aideront \u00e0 explorer le chant et \u00e0 ressentir la magie lorsque ta voix s&rsquo;entrelace avec d&rsquo;autres en harmonie.<\/p>\n\n\n\n<p>L\u2019atelier sera dirig\u00e9 par notre cheffe de ch\u0153ur, Emily Allison \u2013 chanteuse de jazz et compositrice \u2013 et encadr\u00e9 par une \u00e9quipe de choristes de Sing Out Brussels!<\/p>\n\n\n\n<p>Public: ouvert \u00e0 tou.te.x.s, surtout la\/les communaut\u00e9(s) LGBTQIA+ (sur inscription pr\u00e9alable)<\/p>\n\n\n\n<p>Objectifs:<\/p>\n\n\n\n<p>\u2022\u2060 \u2060Cr\u00e9er un espace inclusif pour l&rsquo;exploration du chant choral par les personnes LGBTQIA+<\/p>\n\n\n\n<p>\u2022\u2060 \u2060Utiliser notre pouvoir de rassemblement et notre talent musical pour faire avancer les objectifs de Brussels Pride<\/p>\n\n\n\n<p>\u2022\u2060 \u2060Faire conna\u00eetre la chorale et son association s\u0153ur Various Voices 2026, \u00e9tablir un premier contact avec des candidats potentiels \u2013 choristes ainsi que futurs b\u00e9n\u00e9voles pour le festival Various Voices et\/ou la chorale.<\/p>\n\n\n\n<p>Quand ? Vendredi 16 mai \u00e0 19h<\/p>\n\n\n\n<p>O\u00f9 ? Grands Carmes (Rue des Grands Carmes 20-22 1000 Bruxelles)<\/p>\n\n\n\n<p>Prix : Gratuit mais inscription demand\u00e9e.<\/p>\n\n\n\n<p>Infos : <a href=\"https:\/\/www.brusselspride.eu\/fr\/home\">Brussels Pride<\/a><\/p>\n","protected":false},"excerpt":{"rendered":"<p>16\/05\/25 &#8211; 19h<\/p>\n","protected":false},"author":1,"featured_media":6032,"comment_status":"closed","ping_status":"open","sticky":false,"template":"","format":"standard","meta":{"footnotes":""},"categories":[21],"tags":[33],"class_list":["post-6031","post","type-post","status-publish","format-standard","has-post-thumbnail","hentry","category-evenements","tag-passe","entry"],"yoast_head":"<!-- This site is optimized with the Yoast SEO plugin v19.14 - https:\/\/yoast.com\/wordpress\/plugins\/seo\/ -->\n<title>Pop-up Choir (Pride week) - Sing Out Brussels!<\/title>\n<meta name=\"robots\" content=\"index, follow, max-snippet:-1, max-image-preview:large, max-video-preview:-1\" \/>\n<link rel=\"canonical\" href=\"https:\/\/singout.brussels\/fr\/2025\/04\/25\/pop-up-choir-brussels-pride-week\/\" \/>\n<meta property=\"og:locale\" content=\"fr_FR\" \/>\n<meta property=\"og:type\" content=\"article\" \/>\n<meta property=\"og:title\" content=\"Pop-up Choir (Pride week) - Sing Out Brussels!\" \/>\n<meta property=\"og:description\" content=\"16\/05\/25 - 19h\" \/>\n<meta property=\"og:url\" content=\"https:\/\/singout.brussels\/fr\/2025\/04\/25\/pop-up-choir-brussels-pride-week\/\" \/>\n<meta property=\"og:site_name\" content=\"Sing Out Brussels!\" \/>\n<meta property=\"article:published_time\" content=\"2025-04-25T17:46:22+00:00\" \/>\n<meta property=\"article:modified_time\" content=\"2025-05-29T11:24:31+00:00\" \/>\n<meta property=\"og:image\" content=\"https:\/\/singout.brussels\/wp-content\/uploads\/2025\/04\/Workshop-Pride.jpg\" \/>\n\t<meta property=\"og:image:width\" content=\"1200\" \/>\n\t<meta property=\"og:image:height\" content=\"628\" \/>\n\t<meta property=\"og:image:type\" content=\"image\/jpeg\" \/>\n<meta name=\"author\" content=\"singoutbrussels\" \/>\n<meta name=\"twitter:card\" content=\"summary_large_image\" \/>\n<meta name=\"twitter:label1\" content=\"\u00c9crit par\" \/>\n\t<meta name=\"twitter:data1\" content=\"singoutbrussels\" \/>\n\t<meta name=\"twitter:label2\" content=\"Dur\u00e9e de lecture estim\u00e9e\" \/>\n\t<meta name=\"twitter:data2\" content=\"2 minutes\" \/>\n<script type=\"application\/ld+json\" class=\"yoast-schema-graph\">{\"@context\":\"https:\/\/schema.org\",\"@graph\":[{\"@type\":\"Article\",\"@id\":\"https:\/\/singout.brussels\/fr\/2025\/04\/25\/pop-up-choir-brussels-pride-week\/#article\",\"isPartOf\":{\"@id\":\"https:\/\/singout.brussels\/fr\/2025\/04\/25\/pop-up-choir-brussels-pride-week\/\"},\"author\":{\"name\":\"singoutbrussels\",\"@id\":\"https:\/\/singout.brussels\/#\/schema\/person\/3a023e533e5a5e5993bb01ab7d1c15de\"},\"headline\":\"Pop-up Choir (Pride week)\",\"datePublished\":\"2025-04-25T17:46:22+00:00\",\"dateModified\":\"2025-05-29T11:24:31+00:00\",\"mainEntityOfPage\":{\"@id\":\"https:\/\/singout.brussels\/fr\/2025\/04\/25\/pop-up-choir-brussels-pride-week\/\"},\"wordCount\":328,\"publisher\":{\"@id\":\"https:\/\/singout.brussels\/#organization\"},\"keywords\":[\"pass\u00e9\"],\"articleSection\":[\"\u00c9venements\"],\"inLanguage\":\"fr-FR\"},{\"@type\":\"WebPage\",\"@id\":\"https:\/\/singout.brussels\/fr\/2025\/04\/25\/pop-up-choir-brussels-pride-week\/\",\"url\":\"https:\/\/singout.brussels\/fr\/2025\/04\/25\/pop-up-choir-brussels-pride-week\/\",\"name\":\"Pop-up Choir (Pride week) - Sing Out Brussels!\",\"isPartOf\":{\"@id\":\"https:\/\/singout.brussels\/#website\"},\"datePublished\":\"2025-04-25T17:46:22+00:00\",\"dateModified\":\"2025-05-29T11:24:31+00:00\",\"breadcrumb\":{\"@id\":\"https:\/\/singout.brussels\/fr\/2025\/04\/25\/pop-up-choir-brussels-pride-week\/#breadcrumb\"},\"inLanguage\":\"fr-FR\",\"potentialAction\":[{\"@type\":\"ReadAction\",\"target\":[\"https:\/\/singout.brussels\/fr\/2025\/04\/25\/pop-up-choir-brussels-pride-week\/\"]}]},{\"@type\":\"BreadcrumbList\",\"@id\":\"https:\/\/singout.brussels\/fr\/2025\/04\/25\/pop-up-choir-brussels-pride-week\/#breadcrumb\",\"itemListElement\":[{\"@type\":\"ListItem\",\"position\":1,\"name\":\"Home\",\"item\":\"https:\/\/singout.brussels\/fr\/\"},{\"@type\":\"ListItem\",\"position\":2,\"name\":\"Pop-up Choir (Pride week)\"}]},{\"@type\":\"WebSite\",\"@id\":\"https:\/\/singout.brussels\/#website\",\"url\":\"https:\/\/singout.brussels\/\",\"name\":\"Sing Out Brussels!\",\"description\":\"The Fabulous Queer Choir of Brussels\",\"publisher\":{\"@id\":\"https:\/\/singout.brussels\/#organization\"},\"potentialAction\":[{\"@type\":\"SearchAction\",\"target\":{\"@type\":\"EntryPoint\",\"urlTemplate\":\"https:\/\/singout.brussels\/?s={search_term_string}\"},\"query-input\":\"required name=search_term_string\"}],\"inLanguage\":\"fr-FR\"},{\"@type\":\"Organization\",\"@id\":\"https:\/\/singout.brussels\/#organization\",\"name\":\"Sing Out Brussels!\",\"url\":\"https:\/\/singout.brussels\/\",\"logo\":{\"@type\":\"ImageObject\",\"inLanguage\":\"fr-FR\",\"@id\":\"https:\/\/singout.brussels\/#\/schema\/logo\/image\/\",\"url\":\"https:\/\/singout.brussels\/wp-content\/uploads\/2021\/10\/logo-32-32.png\",\"contentUrl\":\"https:\/\/singout.brussels\/wp-content\/uploads\/2021\/10\/logo-32-32.png\",\"width\":3286,\"height\":717,\"caption\":\"Sing Out Brussels!\"},\"image\":{\"@id\":\"https:\/\/singout.brussels\/#\/schema\/logo\/image\/\"}},{\"@type\":\"Person\",\"@id\":\"https:\/\/singout.brussels\/#\/schema\/person\/3a023e533e5a5e5993bb01ab7d1c15de\",\"name\":\"singoutbrussels\",\"image\":{\"@type\":\"ImageObject\",\"inLanguage\":\"fr-FR\",\"@id\":\"https:\/\/singout.brussels\/#\/schema\/person\/image\/\",\"url\":\"https:\/\/secure.gravatar.com\/avatar\/bb753eed49a2032140a1d8822a5d1c70333a582dd9dcb367654b8a3462f5219d?s=96&d=mm&r=g\",\"contentUrl\":\"https:\/\/secure.gravatar.com\/avatar\/bb753eed49a2032140a1d8822a5d1c70333a582dd9dcb367654b8a3462f5219d?s=96&d=mm&r=g\",\"caption\":\"singoutbrussels\"},\"sameAs\":[\"https:\/\/singout.brussels\"],\"url\":\"https:\/\/singout.brussels\/fr\/author\/singoutbrussels\/\"}]}<\/script>\n<!-- \/ Yoast SEO plugin. -->","yoast_head_json":{"title":"Pop-up Choir (Pride week) - Sing Out Brussels!","robots":{"index":"index","follow":"follow","max-snippet":"max-snippet:-1","max-image-preview":"max-image-preview:large","max-video-preview":"max-video-preview:-1"},"canonical":"https:\/\/singout.brussels\/fr\/2025\/04\/25\/pop-up-choir-brussels-pride-week\/","og_locale":"fr_FR","og_type":"article","og_title":"Pop-up Choir (Pride week) - Sing Out Brussels!","og_description":"16\/05\/25 - 19h","og_url":"https:\/\/singout.brussels\/fr\/2025\/04\/25\/pop-up-choir-brussels-pride-week\/","og_site_name":"Sing Out Brussels!","article_published_time":"2025-04-25T17:46:22+00:00","article_modified_time":"2025-05-29T11:24:31+00:00","og_image":[{"width":1200,"height":628,"url":"https:\/\/singout.brussels\/wp-content\/uploads\/2025\/04\/Workshop-Pride.jpg","type":"image\/jpeg"}],"author":"singoutbrussels","twitter_card":"summary_large_image","twitter_misc":{"\u00c9crit par":"singoutbrussels","Dur\u00e9e de lecture estim\u00e9e":"2 minutes"},"schema":{"@context":"https:\/\/schema.org","@graph":[{"@type":"Article","@id":"https:\/\/singout.brussels\/fr\/2025\/04\/25\/pop-up-choir-brussels-pride-week\/#article","isPartOf":{"@id":"https:\/\/singout.brussels\/fr\/2025\/04\/25\/pop-up-choir-brussels-pride-week\/"},"author":{"name":"singoutbrussels","@id":"https:\/\/singout.brussels\/#\/schema\/person\/3a023e533e5a5e5993bb01ab7d1c15de"},"headline":"Pop-up Choir (Pride week)","datePublished":"2025-04-25T17:46:22+00:00","dateModified":"2025-05-29T11:24:31+00:00","mainEntityOfPage":{"@id":"https:\/\/singout.brussels\/fr\/2025\/04\/25\/pop-up-choir-brussels-pride-week\/"},"wordCount":328,"publisher":{"@id":"https:\/\/singout.brussels\/#organization"},"keywords":["pass\u00e9"],"articleSection":["\u00c9venements"],"inLanguage":"fr-FR"},{"@type":"WebPage","@id":"https:\/\/singout.brussels\/fr\/2025\/04\/25\/pop-up-choir-brussels-pride-week\/","url":"https:\/\/singout.brussels\/fr\/2025\/04\/25\/pop-up-choir-brussels-pride-week\/","name":"Pop-up Choir (Pride week) - Sing Out Brussels!","isPartOf":{"@id":"https:\/\/singout.brussels\/#website"},"datePublished":"2025-04-25T17:46:22+00:00","dateModified":"2025-05-29T11:24:31+00:00","breadcrumb":{"@id":"https:\/\/singout.brussels\/fr\/2025\/04\/25\/pop-up-choir-brussels-pride-week\/#breadcrumb"},"inLanguage":"fr-FR","potentialAction":[{"@type":"ReadAction","target":["https:\/\/singout.brussels\/fr\/2025\/04\/25\/pop-up-choir-brussels-pride-week\/"]}]},{"@type":"BreadcrumbList","@id":"https:\/\/singout.brussels\/fr\/2025\/04\/25\/pop-up-choir-brussels-pride-week\/#breadcrumb","itemListElement":[{"@type":"ListItem","position":1,"name":"Home","item":"https:\/\/singout.brussels\/fr\/"},{"@type":"ListItem","position":2,"name":"Pop-up Choir (Pride week)"}]},{"@type":"WebSite","@id":"https:\/\/singout.brussels\/#website","url":"https:\/\/singout.brussels\/","name":"Sing Out Brussels!","description":"The Fabulous Queer Choir of Brussels","publisher":{"@id":"https:\/\/singout.brussels\/#organization"},"potentialAction":[{"@type":"SearchAction","target":{"@type":"EntryPoint","urlTemplate":"https:\/\/singout.brussels\/?s={search_term_string}"},"query-input":"required name=search_term_string"}],"inLanguage":"fr-FR"},{"@type":"Organization","@id":"https:\/\/singout.brussels\/#organization","name":"Sing Out Brussels!","url":"https:\/\/singout.brussels\/","logo":{"@type":"ImageObject","inLanguage":"fr-FR","@id":"https:\/\/singout.brussels\/#\/schema\/logo\/image\/","url":"https:\/\/singout.brussels\/wp-content\/uploads\/2021\/10\/logo-32-32.png","contentUrl":"https:\/\/singout.brussels\/wp-content\/uploads\/2021\/10\/logo-32-32.png","width":3286,"height":717,"caption":"Sing Out Brussels!"},"image":{"@id":"https:\/\/singout.brussels\/#\/schema\/logo\/image\/"}},{"@type":"Person","@id":"https:\/\/singout.brussels\/#\/schema\/person\/3a023e533e5a5e5993bb01ab7d1c15de","name":"singoutbrussels","image":{"@type":"ImageObject","inLanguage":"fr-FR","@id":"https:\/\/singout.brussels\/#\/schema\/person\/image\/","url":"https:\/\/secure.gravatar.com\/avatar\/bb753eed49a2032140a1d8822a5d1c70333a582dd9dcb367654b8a3462f5219d?s=96&d=mm&r=g","contentUrl":"https:\/\/secure.gravatar.com\/avatar\/bb753eed49a2032140a1d8822a5d1c70333a582dd9dcb367654b8a3462f5219d?s=96&d=mm&r=g","caption":"singoutbrussels"},"sameAs":["https:\/\/singout.brussels"],"url":"https:\/\/singout.brussels\/fr\/author\/singoutbrussels\/"}]}},"_links":{"self":[{"href":"https:\/\/singout.brussels\/fr\/wp-json\/wp\/v2\/posts\/6031","targetHints":{"allow":["GET"]}}],"collection":[{"href":"https:\/\/singout.brussels\/fr\/wp-json\/wp\/v2\/posts"}],"about":[{"href":"https:\/\/singout.brussels\/fr\/wp-json\/wp\/v2\/types\/post"}],"author":[{"embeddable":true,"href":"https:\/\/singout.brussels\/fr\/wp-json\/wp\/v2\/users\/1"}],"replies":[{"embeddable":true,"href":"https:\/\/singout.brussels\/fr\/wp-json\/wp\/v2\/comments?post=6031"}],"version-history":[{"count":7,"href":"https:\/\/singout.brussels\/fr\/wp-json\/wp\/v2\/posts\/6031\/revisions"}],"predecessor-version":[{"id":6590,"href":"https:\/\/singout.brussels\/fr\/wp-json\/wp\/v2\/posts\/6031\/revisions\/6590"}],"wp:featuredmedia":[{"embeddable":true,"href":"https:\/\/singout.brussels\/fr\/wp-json\/wp\/v2\/media\/6032"}],"wp:attachment":[{"href":"https:\/\/singout.brussels\/fr\/wp-json\/wp\/v2\/media?parent=6031"}],"wp:term":[{"taxonomy":"category","embeddable":true,"href":"https:\/\/singout.brussels\/fr\/wp-json\/wp\/v2\/categories?post=6031"},{"taxonomy":"post_tag","embeddable":true,"href":"https:\/\/singout.brussels\/fr\/wp-json\/wp\/v2\/tags?post=6031"}],"curies":[{"name":"wp","href":"https:\/\/api.w.org\/{rel}","templated":true}]}}