{"id":7031,"date":"2025-06-28T13:58:48","date_gmt":"2025-06-28T11:58:48","guid":{"rendered":"https:\/\/singout.brussels\/2025\/06\/28\/world-pride-amsterdam\/"},"modified":"2025-06-28T14:02:23","modified_gmt":"2025-06-28T12:02:23","slug":"world-pride-amsterdam","status":"publish","type":"post","link":"https:\/\/singout.brussels\/fr\/2025\/06\/28\/world-pride-amsterdam\/","title":{"rendered":"World Pride Amsterdam"},"content":{"rendered":"\n<p>Cela fera 25 ans que les Pays-Bas ont \u00e9crit l&rsquo;histoire avec la loi sur le mariage entre personnes de m\u00eame sexe. Du 23 juillet au 2 ao\u00fbt, nous prendrons possession d&rsquo;Amsterdam. <\/p>\n\n<p>Plus d&rsquo;infos \u00e0 venir : <a href=\"https:\/\/pride.amsterdam\/worldpride\/\" target=\"_blank\" rel=\"noreferrer noopener\">https:\/\/pride.amsterdam\/worldpride\/<\/a><\/p>\n\n<p><\/p>\n","protected":false},"excerpt":{"rendered":"<p>23\/07-02\/08\/2026<\/p>\n","protected":false},"author":1,"featured_media":7029,"comment_status":"closed","ping_status":"open","sticky":false,"template":"","format":"standard","meta":{"footnotes":""},"categories":[21],"tags":[27],"class_list":["post-7031","post","type-post","status-publish","format-standard","has-post-thumbnail","hentry","category-evenements","tag-prochainement","entry"],"yoast_head":"<!-- This site is optimized with the Yoast SEO plugin v19.14 - https:\/\/yoast.com\/wordpress\/plugins\/seo\/ -->\n<title>World Pride Amsterdam - Sing Out Brussels!<\/title>\n<meta name=\"robots\" content=\"index, follow, max-snippet:-1, max-image-preview:large, max-video-preview:-1\" \/>\n<link rel=\"canonical\" href=\"https:\/\/singout.brussels\/fr\/2025\/06\/28\/world-pride-amsterdam\/\" \/>\n<meta property=\"og:locale\" content=\"fr_FR\" \/>\n<meta property=\"og:type\" content=\"article\" \/>\n<meta property=\"og:title\" content=\"World Pride Amsterdam - Sing Out Brussels!\" \/>\n<meta property=\"og:description\" content=\"23\/07-02\/08\/2026\" \/>\n<meta property=\"og:url\" content=\"https:\/\/singout.brussels\/fr\/2025\/06\/28\/world-pride-amsterdam\/\" \/>\n<meta property=\"og:site_name\" content=\"Sing Out Brussels!\" \/>\n<meta property=\"article:published_time\" content=\"2025-06-28T11:58:48+00:00\" \/>\n<meta property=\"article:modified_time\" content=\"2025-06-28T12:02:23+00:00\" \/>\n<meta property=\"og:image\" content=\"https:\/\/singout.brussels\/wp-content\/uploads\/2025\/06\/canalparade-ANP_0.jpg-768x432-1-e1751111772413.jpeg\" \/>\n\t<meta property=\"og:image:width\" content=\"768\" \/>\n\t<meta property=\"og:image:height\" content=\"432\" \/>\n\t<meta property=\"og:image:type\" content=\"image\/jpeg\" \/>\n<meta name=\"author\" content=\"singoutbrussels\" \/>\n<meta name=\"twitter:card\" content=\"summary_large_image\" \/>\n<meta name=\"twitter:label1\" content=\"\u00c9crit par\" \/>\n\t<meta name=\"twitter:data1\" content=\"singoutbrussels\" \/>\n<script type=\"application\/ld+json\" class=\"yoast-schema-graph\">{\"@context\":\"https:\/\/schema.org\",\"@graph\":[{\"@type\":\"Article\",\"@id\":\"https:\/\/singout.brussels\/fr\/2025\/06\/28\/world-pride-amsterdam\/#article\",\"isPartOf\":{\"@id\":\"https:\/\/singout.brussels\/fr\/2025\/06\/28\/world-pride-amsterdam\/\"},\"author\":{\"name\":\"singoutbrussels\",\"@id\":\"https:\/\/singout.brussels\/#\/schema\/person\/3a023e533e5a5e5993bb01ab7d1c15de\"},\"headline\":\"World Pride Amsterdam\",\"datePublished\":\"2025-06-28T11:58:48+00:00\",\"dateModified\":\"2025-06-28T12:02:23+00:00\",\"mainEntityOfPage\":{\"@id\":\"https:\/\/singout.brussels\/fr\/2025\/06\/28\/world-pride-amsterdam\/\"},\"wordCount\":40,\"publisher\":{\"@id\":\"https:\/\/singout.brussels\/#organization\"},\"keywords\":[\"prochainement\"],\"articleSection\":[\"\u00c9venements\"],\"inLanguage\":\"fr-FR\"},{\"@type\":\"WebPage\",\"@id\":\"https:\/\/singout.brussels\/fr\/2025\/06\/28\/world-pride-amsterdam\/\",\"url\":\"https:\/\/singout.brussels\/fr\/2025\/06\/28\/world-pride-amsterdam\/\",\"name\":\"World Pride Amsterdam - Sing Out Brussels!\",\"isPartOf\":{\"@id\":\"https:\/\/singout.brussels\/#website\"},\"datePublished\":\"2025-06-28T11:58:48+00:00\",\"dateModified\":\"2025-06-28T12:02:23+00:00\",\"breadcrumb\":{\"@id\":\"https:\/\/singout.brussels\/fr\/2025\/06\/28\/world-pride-amsterdam\/#breadcrumb\"},\"inLanguage\":\"fr-FR\",\"potentialAction\":[{\"@type\":\"ReadAction\",\"target\":[\"https:\/\/singout.brussels\/fr\/2025\/06\/28\/world-pride-amsterdam\/\"]}]},{\"@type\":\"BreadcrumbList\",\"@id\":\"https:\/\/singout.brussels\/fr\/2025\/06\/28\/world-pride-amsterdam\/#breadcrumb\",\"itemListElement\":[{\"@type\":\"ListItem\",\"position\":1,\"name\":\"Home\",\"item\":\"https:\/\/singout.brussels\/fr\/\"},{\"@type\":\"ListItem\",\"position\":2,\"name\":\"World Pride Amsterdam\"}]},{\"@type\":\"WebSite\",\"@id\":\"https:\/\/singout.brussels\/#website\",\"url\":\"https:\/\/singout.brussels\/\",\"name\":\"Sing Out Brussels!\",\"description\":\"The Fabulous Queer Choir of Brussels\",\"publisher\":{\"@id\":\"https:\/\/singout.brussels\/#organization\"},\"potentialAction\":[{\"@type\":\"SearchAction\",\"target\":{\"@type\":\"EntryPoint\",\"urlTemplate\":\"https:\/\/singout.brussels\/?s={search_term_string}\"},\"query-input\":\"required name=search_term_string\"}],\"inLanguage\":\"fr-FR\"},{\"@type\":\"Organization\",\"@id\":\"https:\/\/singout.brussels\/#organization\",\"name\":\"Sing Out Brussels!\",\"url\":\"https:\/\/singout.brussels\/\",\"logo\":{\"@type\":\"ImageObject\",\"inLanguage\":\"fr-FR\",\"@id\":\"https:\/\/singout.brussels\/#\/schema\/logo\/image\/\",\"url\":\"https:\/\/singout.brussels\/wp-content\/uploads\/2021\/10\/logo-32-32.png\",\"contentUrl\":\"https:\/\/singout.brussels\/wp-content\/uploads\/2021\/10\/logo-32-32.png\",\"width\":3286,\"height\":717,\"caption\":\"Sing Out Brussels!\"},\"image\":{\"@id\":\"https:\/\/singout.brussels\/#\/schema\/logo\/image\/\"}},{\"@type\":\"Person\",\"@id\":\"https:\/\/singout.brussels\/#\/schema\/person\/3a023e533e5a5e5993bb01ab7d1c15de\",\"name\":\"singoutbrussels\",\"image\":{\"@type\":\"ImageObject\",\"inLanguage\":\"fr-FR\",\"@id\":\"https:\/\/singout.brussels\/#\/schema\/person\/image\/\",\"url\":\"https:\/\/secure.gravatar.com\/avatar\/bb753eed49a2032140a1d8822a5d1c70333a582dd9dcb367654b8a3462f5219d?s=96&d=mm&r=g\",\"contentUrl\":\"https:\/\/secure.gravatar.com\/avatar\/bb753eed49a2032140a1d8822a5d1c70333a582dd9dcb367654b8a3462f5219d?s=96&d=mm&r=g\",\"caption\":\"singoutbrussels\"},\"sameAs\":[\"https:\/\/singout.brussels\"],\"url\":\"https:\/\/singout.brussels\/fr\/author\/singoutbrussels\/\"}]}<\/script>\n<!-- \/ Yoast SEO plugin. -->","yoast_head_json":{"title":"World Pride Amsterdam - Sing Out Brussels!","robots":{"index":"index","follow":"follow","max-snippet":"max-snippet:-1","max-image-preview":"max-image-preview:large","max-video-preview":"max-video-preview:-1"},"canonical":"https:\/\/singout.brussels\/fr\/2025\/06\/28\/world-pride-amsterdam\/","og_locale":"fr_FR","og_type":"article","og_title":"World Pride Amsterdam - Sing Out Brussels!","og_description":"23\/07-02\/08\/2026","og_url":"https:\/\/singout.brussels\/fr\/2025\/06\/28\/world-pride-amsterdam\/","og_site_name":"Sing Out Brussels!","article_published_time":"2025-06-28T11:58:48+00:00","article_modified_time":"2025-06-28T12:02:23+00:00","og_image":[{"width":768,"height":432,"url":"https:\/\/singout.brussels\/wp-content\/uploads\/2025\/06\/canalparade-ANP_0.jpg-768x432-1-e1751111772413.jpeg","type":"image\/jpeg"}],"author":"singoutbrussels","twitter_card":"summary_large_image","twitter_misc":{"\u00c9crit par":"singoutbrussels"},"schema":{"@context":"https:\/\/schema.org","@graph":[{"@type":"Article","@id":"https:\/\/singout.brussels\/fr\/2025\/06\/28\/world-pride-amsterdam\/#article","isPartOf":{"@id":"https:\/\/singout.brussels\/fr\/2025\/06\/28\/world-pride-amsterdam\/"},"author":{"name":"singoutbrussels","@id":"https:\/\/singout.brussels\/#\/schema\/person\/3a023e533e5a5e5993bb01ab7d1c15de"},"headline":"World Pride Amsterdam","datePublished":"2025-06-28T11:58:48+00:00","dateModified":"2025-06-28T12:02:23+00:00","mainEntityOfPage":{"@id":"https:\/\/singout.brussels\/fr\/2025\/06\/28\/world-pride-amsterdam\/"},"wordCount":40,"publisher":{"@id":"https:\/\/singout.brussels\/#organization"},"keywords":["prochainement"],"articleSection":["\u00c9venements"],"inLanguage":"fr-FR"},{"@type":"WebPage","@id":"https:\/\/singout.brussels\/fr\/2025\/06\/28\/world-pride-amsterdam\/","url":"https:\/\/singout.brussels\/fr\/2025\/06\/28\/world-pride-amsterdam\/","name":"World Pride Amsterdam - Sing Out Brussels!","isPartOf":{"@id":"https:\/\/singout.brussels\/#website"},"datePublished":"2025-06-28T11:58:48+00:00","dateModified":"2025-06-28T12:02:23+00:00","breadcrumb":{"@id":"https:\/\/singout.brussels\/fr\/2025\/06\/28\/world-pride-amsterdam\/#breadcrumb"},"inLanguage":"fr-FR","potentialAction":[{"@type":"ReadAction","target":["https:\/\/singout.brussels\/fr\/2025\/06\/28\/world-pride-amsterdam\/"]}]},{"@type":"BreadcrumbList","@id":"https:\/\/singout.brussels\/fr\/2025\/06\/28\/world-pride-amsterdam\/#breadcrumb","itemListElement":[{"@type":"ListItem","position":1,"name":"Home","item":"https:\/\/singout.brussels\/fr\/"},{"@type":"ListItem","position":2,"name":"World Pride Amsterdam"}]},{"@type":"WebSite","@id":"https:\/\/singout.brussels\/#website","url":"https:\/\/singout.brussels\/","name":"Sing Out Brussels!","description":"The Fabulous Queer Choir of Brussels","publisher":{"@id":"https:\/\/singout.brussels\/#organization"},"potentialAction":[{"@type":"SearchAction","target":{"@type":"EntryPoint","urlTemplate":"https:\/\/singout.brussels\/?s={search_term_string}"},"query-input":"required name=search_term_string"}],"inLanguage":"fr-FR"},{"@type":"Organization","@id":"https:\/\/singout.brussels\/#organization","name":"Sing Out Brussels!","url":"https:\/\/singout.brussels\/","logo":{"@type":"ImageObject","inLanguage":"fr-FR","@id":"https:\/\/singout.brussels\/#\/schema\/logo\/image\/","url":"https:\/\/singout.brussels\/wp-content\/uploads\/2021\/10\/logo-32-32.png","contentUrl":"https:\/\/singout.brussels\/wp-content\/uploads\/2021\/10\/logo-32-32.png","width":3286,"height":717,"caption":"Sing Out Brussels!"},"image":{"@id":"https:\/\/singout.brussels\/#\/schema\/logo\/image\/"}},{"@type":"Person","@id":"https:\/\/singout.brussels\/#\/schema\/person\/3a023e533e5a5e5993bb01ab7d1c15de","name":"singoutbrussels","image":{"@type":"ImageObject","inLanguage":"fr-FR","@id":"https:\/\/singout.brussels\/#\/schema\/person\/image\/","url":"https:\/\/secure.gravatar.com\/avatar\/bb753eed49a2032140a1d8822a5d1c70333a582dd9dcb367654b8a3462f5219d?s=96&d=mm&r=g","contentUrl":"https:\/\/secure.gravatar.com\/avatar\/bb753eed49a2032140a1d8822a5d1c70333a582dd9dcb367654b8a3462f5219d?s=96&d=mm&r=g","caption":"singoutbrussels"},"sameAs":["https:\/\/singout.brussels"],"url":"https:\/\/singout.brussels\/fr\/author\/singoutbrussels\/"}]}},"_links":{"self":[{"href":"https:\/\/singout.brussels\/fr\/wp-json\/wp\/v2\/posts\/7031","targetHints":{"allow":["GET"]}}],"collection":[{"href":"https:\/\/singout.brussels\/fr\/wp-json\/wp\/v2\/posts"}],"about":[{"href":"https:\/\/singout.brussels\/fr\/wp-json\/wp\/v2\/types\/post"}],"author":[{"embeddable":true,"href":"https:\/\/singout.brussels\/fr\/wp-json\/wp\/v2\/users\/1"}],"replies":[{"embeddable":true,"href":"https:\/\/singout.brussels\/fr\/wp-json\/wp\/v2\/comments?post=7031"}],"version-history":[{"count":1,"href":"https:\/\/singout.brussels\/fr\/wp-json\/wp\/v2\/posts\/7031\/revisions"}],"predecessor-version":[{"id":7032,"href":"https:\/\/singout.brussels\/fr\/wp-json\/wp\/v2\/posts\/7031\/revisions\/7032"}],"wp:featuredmedia":[{"embeddable":true,"href":"https:\/\/singout.brussels\/fr\/wp-json\/wp\/v2\/media\/7029"}],"wp:attachment":[{"href":"https:\/\/singout.brussels\/fr\/wp-json\/wp\/v2\/media?parent=7031"}],"wp:term":[{"taxonomy":"category","embeddable":true,"href":"https:\/\/singout.brussels\/fr\/wp-json\/wp\/v2\/categories?post=7031"},{"taxonomy":"post_tag","embeddable":true,"href":"https:\/\/singout.brussels\/fr\/wp-json\/wp\/v2\/tags?post=7031"}],"curies":[{"name":"wp","href":"https:\/\/api.w.org\/{rel}","templated":true}]}}