{"id":7142,"date":"2025-09-23T22:06:05","date_gmt":"2025-09-23T20:06:05","guid":{"rendered":"https:\/\/singout.brussels\/?p=7142"},"modified":"2025-10-26T01:46:49","modified_gmt":"2025-10-25T23:46:49","slug":"let-your-heart-be-heard","status":"publish","type":"post","link":"https:\/\/singout.brussels\/fr\/2025\/09\/23\/let-your-heart-be-heard\/","title":{"rendered":"Let Your Heart Be Heard"},"content":{"rendered":"\n<p><strong>Notre chorale a d\u00e9but\u00e9 sa 8e saison par l&rsquo;enregistrement studio et le tournage du clip de l&rsquo;hymne du festival Various Voices Brussels 2026. Un week-end intense qui a aussi \u00e9t\u00e9 un v\u00e9ritable team building pour les choristes qui ont r\u00e9cemment adh\u00e9r\u00e9 \u00e0 Sing Out ! <\/strong><\/p>\n\n\n\n<p>Let Your Heart Be Heard est une chanson origine \u00e9crite par Simon Finn, ancien membre de Sing Out Brussels!, et arrang\u00e9e par Philippe Maniez. Le processus de cr\u00e9ation de cette \u0153uvre au style que l&rsquo;on pourrait qualifier de pop symphonique a d\u00e9but\u00e9 il y a d\u00e9j\u00e0 5 ans, en m\u00eame temps que la recherche du slogan, de l&rsquo;identit\u00e9 et des valeurs du festival europ\u00e9en des chorales LGBTQI+ <a href=\"http:\/\/www.various-voices.be\">Various Voices<\/a>, que notre chorale organise du 24 au 28 juin 2026.  <\/p>\n\n\n\n<p>La chanson est r\u00e9solument optimiste et rappelle que notre communaut\u00e9 est plus forte quand elle est soud\u00e9e, en particulier quand nos voix s&rsquo;unissent pour c\u00e9l\u00e9brer fi\u00e8rement nos identit\u00e9s. <\/p>\n\n\n\n<figure class=\"wp-block-gallery has-nested-images columns-default is-cropped wp-block-gallery-1 is-layout-flex wp-block-gallery-is-layout-flex\">\n<figure class=\"wp-block-image size-large\"><img loading=\"lazy\" decoding=\"async\" width=\"1024\" height=\"473\" data-id=\"7146\" src=\"https:\/\/singout.brussels\/wp-content\/uploads\/2025\/09\/20250920_133800-1024x473.jpg\" alt=\"\" class=\"wp-image-7146\" srcset=\"https:\/\/singout.brussels\/wp-content\/uploads\/2025\/09\/20250920_133800-1024x473.jpg 1024w, https:\/\/singout.brussels\/wp-content\/uploads\/2025\/09\/20250920_133800-300x139.jpg 300w, https:\/\/singout.brussels\/wp-content\/uploads\/2025\/09\/20250920_133800-768x355.jpg 768w, https:\/\/singout.brussels\/wp-content\/uploads\/2025\/09\/20250920_133800-1536x710.jpg 1536w, https:\/\/singout.brussels\/wp-content\/uploads\/2025\/09\/20250920_133800-2048x946.jpg 2048w, https:\/\/singout.brussels\/wp-content\/uploads\/2025\/09\/20250920_133800-1568x724.jpg 1568w\" sizes=\"auto, (max-width: 1024px) 100vw, 1024px\" \/><\/figure>\n<\/figure>\n\n\n\n<p>Let Your Heart Be Heard \u00e9tait au programme de nos auditions cette saison. Toutes les personnes qui ont pass\u00e9 l&rsquo;audition cet \u00e9t\u00e9 ont donc d\u00fb l&rsquo;apprendre, ce qui a permis d&rsquo;int\u00e9grer directement les 26 choristes qui ont rejoint la chorale en ce mois de septembre dans ce grand projet de la rentr\u00e9e.<\/p>\n\n\n\n<figure class=\"wp-block-image size-large\"><img loading=\"lazy\" decoding=\"async\" width=\"1024\" height=\"473\" src=\"https:\/\/singout.brussels\/wp-content\/uploads\/2025\/09\/20250920_134015-1024x473.jpg\" alt=\"\" class=\"wp-image-7149\" srcset=\"https:\/\/singout.brussels\/wp-content\/uploads\/2025\/09\/20250920_134015-1024x473.jpg 1024w, https:\/\/singout.brussels\/wp-content\/uploads\/2025\/09\/20250920_134015-300x139.jpg 300w, https:\/\/singout.brussels\/wp-content\/uploads\/2025\/09\/20250920_134015-768x355.jpg 768w, https:\/\/singout.brussels\/wp-content\/uploads\/2025\/09\/20250920_134015-1536x710.jpg 1536w, https:\/\/singout.brussels\/wp-content\/uploads\/2025\/09\/20250920_134015-2048x946.jpg 2048w, https:\/\/singout.brussels\/wp-content\/uploads\/2025\/09\/20250920_134015-1568x724.jpg 1568w\" sizes=\"auto, (max-width: 1024px) 100vw, 1024px\" \/><\/figure>\n\n\n\n<p>L&rsquo;objectif de cet enregistrement et de ce tournage est multiple : <\/p>\n\n\n\n<ul class=\"wp-block-list\">\n<li>donner l&rsquo;envie aux 4000 choristes qui participeront au festival d&rsquo;apprendre la chanson et de la chanter avec nous lors du grand spectacle qui aura lieu \u00e0 l&rsquo;ING Arena le 27 juin. <\/li>\n\n\n\n<li>donner l&rsquo;envie \u00e0 toutes les personnes qui, en Belgique, souhaiteraient \u00e9galement apprendre la chanson pour former la plus grande chorale jamais vue en Belgique lors de cet \u00e9v\u00e9nement, ou simplement leur donner l&rsquo;envie de participer au concert. <\/li>\n\n\n\n<li>Disposer d&rsquo;un outil de communication puissant pour la promotion du festival \u00e0 Bruxelles. <\/li>\n<\/ul>\n\n\n\n<figure class=\"wp-block-image size-large\"><img loading=\"lazy\" decoding=\"async\" width=\"1024\" height=\"768\" src=\"https:\/\/singout.brussels\/wp-content\/uploads\/2025\/09\/thumbnail_IMG_8384-1024x768.jpg\" alt=\"\" class=\"wp-image-7152\" srcset=\"https:\/\/singout.brussels\/wp-content\/uploads\/2025\/09\/thumbnail_IMG_8384-1024x768.jpg 1024w, https:\/\/singout.brussels\/wp-content\/uploads\/2025\/09\/thumbnail_IMG_8384-300x225.jpg 300w, https:\/\/singout.brussels\/wp-content\/uploads\/2025\/09\/thumbnail_IMG_8384-768x576.jpg 768w, https:\/\/singout.brussels\/wp-content\/uploads\/2025\/09\/thumbnail_IMG_8384-1536x1152.jpg 1536w, https:\/\/singout.brussels\/wp-content\/uploads\/2025\/09\/thumbnail_IMG_8384-1568x1176.jpg 1568w, https:\/\/singout.brussels\/wp-content\/uploads\/2025\/09\/thumbnail_IMG_8384.jpg 1920w\" sizes=\"auto, (max-width: 1024px) 100vw, 1024px\" \/><\/figure>\n\n\n\n<p>Le samedi 20 septembre, la chorale a enregistr\u00e9 la chanson au Jet Studio \u00e0 Bruxelles. A la diff\u00e9rence des enregistrements pr\u00e9c\u00e9dents de Sing Out Brussels!, la chorale a ici enregistr\u00e9 en m\u00eame temps qu&rsquo;un trio de musiciens (Gilles Carlier au piano, Victor Foulon \u00e0 la contrebasse et Antoine Pierre \u00e0 la batterie), en une dizaine de prises. Notre ing\u00e9nieur du son \u00e9tait Vincent De Bast. <\/p>\n\n\n\n<figure class=\"wp-block-gallery has-nested-images columns-default is-cropped wp-block-gallery-2 is-layout-flex wp-block-gallery-is-layout-flex\">\n<figure class=\"wp-block-image size-large\"><img loading=\"lazy\" decoding=\"async\" width=\"1024\" height=\"473\" data-id=\"7155\" src=\"https:\/\/singout.brussels\/wp-content\/uploads\/2025\/09\/20250921_095231-1024x473.jpg\" alt=\"\" class=\"wp-image-7155\" srcset=\"https:\/\/singout.brussels\/wp-content\/uploads\/2025\/09\/20250921_095231-1024x473.jpg 1024w, https:\/\/singout.brussels\/wp-content\/uploads\/2025\/09\/20250921_095231-300x139.jpg 300w, https:\/\/singout.brussels\/wp-content\/uploads\/2025\/09\/20250921_095231-768x355.jpg 768w, https:\/\/singout.brussels\/wp-content\/uploads\/2025\/09\/20250921_095231-1536x710.jpg 1536w, https:\/\/singout.brussels\/wp-content\/uploads\/2025\/09\/20250921_095231-2048x946.jpg 2048w, https:\/\/singout.brussels\/wp-content\/uploads\/2025\/09\/20250921_095231-1568x724.jpg 1568w\" sizes=\"auto, (max-width: 1024px) 100vw, 1024px\" \/><\/figure>\n\n\n\n<figure class=\"wp-block-image size-large\"><img loading=\"lazy\" decoding=\"async\" width=\"1024\" height=\"473\" data-id=\"7158\" src=\"https:\/\/singout.brussels\/wp-content\/uploads\/2025\/09\/20250921_123825-1024x473.jpg\" alt=\"\" class=\"wp-image-7158\" srcset=\"https:\/\/singout.brussels\/wp-content\/uploads\/2025\/09\/20250921_123825-1024x473.jpg 1024w, https:\/\/singout.brussels\/wp-content\/uploads\/2025\/09\/20250921_123825-300x139.jpg 300w, https:\/\/singout.brussels\/wp-content\/uploads\/2025\/09\/20250921_123825-768x355.jpg 768w, https:\/\/singout.brussels\/wp-content\/uploads\/2025\/09\/20250921_123825-1536x710.jpg 1536w, https:\/\/singout.brussels\/wp-content\/uploads\/2025\/09\/20250921_123825-2048x946.jpg 2048w, https:\/\/singout.brussels\/wp-content\/uploads\/2025\/09\/20250921_123825-1568x724.jpg 1568w\" sizes=\"auto, (max-width: 1024px) 100vw, 1024px\" \/><\/figure>\n<\/figure>\n\n\n\n<div class=\"wp-block-columns is-layout-flex wp-container-core-columns-is-layout-9d6595d7 wp-block-columns-is-layout-flex\">\n<div class=\"wp-block-column is-layout-flow wp-block-column-is-layout-flow\">\n<figure class=\"wp-block-image size-large\"><img decoding=\"async\" src=\"https:\/\/singout.brussels\/wp-content\/uploads\/2025\/09\/20250921_094956-1024x473.jpg\" alt=\"\" class=\"wp-image-7161\"\/><\/figure>\n<\/div>\n\n\n\n<div class=\"wp-block-column is-layout-flow wp-block-column-is-layout-flow\">\n<figure class=\"wp-block-image size-large\"><img loading=\"lazy\" decoding=\"async\" width=\"1024\" height=\"473\" src=\"https:\/\/singout.brussels\/wp-content\/uploads\/2025\/09\/20250921_145339-1024x473.jpg\" alt=\"\" class=\"wp-image-7164\" srcset=\"https:\/\/singout.brussels\/wp-content\/uploads\/2025\/09\/20250921_145339-1024x473.jpg 1024w, https:\/\/singout.brussels\/wp-content\/uploads\/2025\/09\/20250921_145339-300x139.jpg 300w, https:\/\/singout.brussels\/wp-content\/uploads\/2025\/09\/20250921_145339-768x355.jpg 768w, https:\/\/singout.brussels\/wp-content\/uploads\/2025\/09\/20250921_145339-1536x710.jpg 1536w, https:\/\/singout.brussels\/wp-content\/uploads\/2025\/09\/20250921_145339-2048x946.jpg 2048w, https:\/\/singout.brussels\/wp-content\/uploads\/2025\/09\/20250921_145339-1568x724.jpg 1568w\" sizes=\"auto, (max-width: 1024px) 100vw, 1024px\" \/><\/figure>\n<\/div>\n<\/div>\n\n\n\n<p>L&rsquo;\u00e9quipe de <a href=\"https:\/\/www.instagram.com\/lahordeproductions\/?hl=fr\" target=\"_blank\" rel=\"noreferrer noopener\">La Horde Productions<\/a> \u00e9tait pr\u00e9sente pour le tournage du clip, qui s&rsquo;est poursuivi le lendemain dans les rues de Bruxelles. Des sc\u00e8nes collectives ont \u00e9t\u00e9 tourn\u00e9es \u00e0 la Bourse et dans le parc de Bruxelles. D&rsquo;autres sc\u00e8nes ont \u00e9t\u00e9 tourn\u00e9es en petits groupes sur la Grand-Place, dans le quartier Saint-Jacques ou \u00e0 proximit\u00e9 de Manneken Pis. <\/p>\n\n\n\n<figure class=\"wp-block-image size-large\"><img loading=\"lazy\" decoding=\"async\" width=\"1024\" height=\"473\" src=\"https:\/\/singout.brussels\/wp-content\/uploads\/2025\/09\/20250921_160004-1024x473.jpg\" alt=\"\" class=\"wp-image-7167\" srcset=\"https:\/\/singout.brussels\/wp-content\/uploads\/2025\/09\/20250921_160004-1024x473.jpg 1024w, https:\/\/singout.brussels\/wp-content\/uploads\/2025\/09\/20250921_160004-300x139.jpg 300w, https:\/\/singout.brussels\/wp-content\/uploads\/2025\/09\/20250921_160004-768x355.jpg 768w, https:\/\/singout.brussels\/wp-content\/uploads\/2025\/09\/20250921_160004-1536x710.jpg 1536w, https:\/\/singout.brussels\/wp-content\/uploads\/2025\/09\/20250921_160004-2048x946.jpg 2048w, https:\/\/singout.brussels\/wp-content\/uploads\/2025\/09\/20250921_160004-1568x724.jpg 1568w\" sizes=\"auto, (max-width: 1024px) 100vw, 1024px\" \/><\/figure>\n\n\n\n<p>Un peu plus de deux semaines apr\u00e8s la reprise de ses activit\u00e9s, notre chorale a donc d\u00e9marr\u00e9 sa 8e saison avec un projet d&rsquo;envergure qui a d\u00e9j\u00e0 contribu\u00e9 \u00e0 renforcer les liens entre les membres. Reste maintenant \u00e0 attendre quelques semaines pour \u00e9couter et voir le r\u00e9sultat.<\/p>\n\n\n\n<p>Si ce projet vous int\u00e9resse, abonnez-vous \u00e0 la newsletter du festival via le site <a href=\"http:\/\/www.various-voices.be\" target=\"_blank\" rel=\"noreferrer noopener\">www.various-voices.be<\/a>. Cela nous permettra de vous informer sur la suite de ce projet. <\/p>\n\n\n\n<p> <\/p>\n","protected":false},"excerpt":{"rendered":"<p>Notre chorale a d\u00e9but\u00e9 sa 8e saison par l&rsquo;enregistrement studio et le tournage du clip de l&rsquo;hymne du festival Various Voices Brussels 2026. Un week-end intense qui a aussi \u00e9t\u00e9 un v\u00e9ritable team building pour les choristes qui ont r\u00e9cemment adh\u00e9r\u00e9 \u00e0 Sing Out ! <\/p>\n","protected":false},"author":1,"featured_media":7143,"comment_status":"closed","ping_status":"open","sticky":false,"template":"","format":"standard","meta":{"footnotes":""},"categories":[10,5],"tags":[],"class_list":["post-7142","post","type-post","status-publish","format-standard","has-post-thumbnail","hentry","category-actualites","category-news","entry"],"yoast_head":"<!-- This site is optimized with the Yoast SEO plugin v19.14 - https:\/\/yoast.com\/wordpress\/plugins\/seo\/ -->\n<title>Let Your Heart Be Heard - Sing Out Brussels!<\/title>\n<meta name=\"robots\" content=\"index, follow, max-snippet:-1, max-image-preview:large, max-video-preview:-1\" \/>\n<link rel=\"canonical\" href=\"https:\/\/singout.brussels\/fr\/2025\/09\/23\/let-your-heart-be-heard\/\" \/>\n<meta property=\"og:locale\" content=\"fr_FR\" \/>\n<meta property=\"og:type\" content=\"article\" \/>\n<meta property=\"og:title\" content=\"Let Your Heart Be Heard - Sing Out Brussels!\" \/>\n<meta property=\"og:description\" content=\"Notre chorale a d\u00e9but\u00e9 sa 8e saison par l&#039;enregistrement studio et le tournage du clip de l&#039;hymne du festival Various Voices Brussels 2026. Un week-end intense qui a aussi \u00e9t\u00e9 un v\u00e9ritable team building pour les choristes qui ont r\u00e9cemment adh\u00e9r\u00e9 \u00e0 Sing Out !\" \/>\n<meta property=\"og:url\" content=\"https:\/\/singout.brussels\/fr\/2025\/09\/23\/let-your-heart-be-heard\/\" \/>\n<meta property=\"og:site_name\" content=\"Sing Out Brussels!\" \/>\n<meta property=\"article:published_time\" content=\"2025-09-23T20:06:05+00:00\" \/>\n<meta property=\"article:modified_time\" content=\"2025-10-25T23:46:49+00:00\" \/>\n<meta property=\"og:image\" content=\"https:\/\/singout.brussels\/wp-content\/uploads\/2025\/09\/20250921_091748-169-scaled.jpg\" \/>\n\t<meta property=\"og:image:width\" content=\"2560\" \/>\n\t<meta property=\"og:image:height\" content=\"1440\" \/>\n\t<meta property=\"og:image:type\" content=\"image\/jpeg\" \/>\n<meta name=\"author\" content=\"singoutbrussels\" \/>\n<meta name=\"twitter:card\" content=\"summary_large_image\" \/>\n<meta name=\"twitter:label1\" content=\"\u00c9crit par\" \/>\n\t<meta name=\"twitter:data1\" content=\"singoutbrussels\" \/>\n\t<meta name=\"twitter:label2\" content=\"Dur\u00e9e de lecture estim\u00e9e\" \/>\n\t<meta name=\"twitter:data2\" content=\"4 minutes\" \/>\n<script type=\"application\/ld+json\" class=\"yoast-schema-graph\">{\"@context\":\"https:\/\/schema.org\",\"@graph\":[{\"@type\":\"Article\",\"@id\":\"https:\/\/singout.brussels\/fr\/2025\/09\/23\/let-your-heart-be-heard\/#article\",\"isPartOf\":{\"@id\":\"https:\/\/singout.brussels\/fr\/2025\/09\/23\/let-your-heart-be-heard\/\"},\"author\":{\"name\":\"singoutbrussels\",\"@id\":\"https:\/\/singout.brussels\/#\/schema\/person\/3a023e533e5a5e5993bb01ab7d1c15de\"},\"headline\":\"Let Your Heart Be Heard\",\"datePublished\":\"2025-09-23T20:06:05+00:00\",\"dateModified\":\"2025-10-25T23:46:49+00:00\",\"mainEntityOfPage\":{\"@id\":\"https:\/\/singout.brussels\/fr\/2025\/09\/23\/let-your-heart-be-heard\/\"},\"wordCount\":513,\"publisher\":{\"@id\":\"https:\/\/singout.brussels\/#organization\"},\"articleSection\":[\"Actualit\u00e9s\",\"News\"],\"inLanguage\":\"fr-FR\"},{\"@type\":\"WebPage\",\"@id\":\"https:\/\/singout.brussels\/fr\/2025\/09\/23\/let-your-heart-be-heard\/\",\"url\":\"https:\/\/singout.brussels\/fr\/2025\/09\/23\/let-your-heart-be-heard\/\",\"name\":\"Let Your Heart Be Heard - Sing Out Brussels!\",\"isPartOf\":{\"@id\":\"https:\/\/singout.brussels\/#website\"},\"datePublished\":\"2025-09-23T20:06:05+00:00\",\"dateModified\":\"2025-10-25T23:46:49+00:00\",\"breadcrumb\":{\"@id\":\"https:\/\/singout.brussels\/fr\/2025\/09\/23\/let-your-heart-be-heard\/#breadcrumb\"},\"inLanguage\":\"fr-FR\",\"potentialAction\":[{\"@type\":\"ReadAction\",\"target\":[\"https:\/\/singout.brussels\/fr\/2025\/09\/23\/let-your-heart-be-heard\/\"]}]},{\"@type\":\"BreadcrumbList\",\"@id\":\"https:\/\/singout.brussels\/fr\/2025\/09\/23\/let-your-heart-be-heard\/#breadcrumb\",\"itemListElement\":[{\"@type\":\"ListItem\",\"position\":1,\"name\":\"Home\",\"item\":\"https:\/\/singout.brussels\/fr\/\"},{\"@type\":\"ListItem\",\"position\":2,\"name\":\"Let Your Heart Be Heard\"}]},{\"@type\":\"WebSite\",\"@id\":\"https:\/\/singout.brussels\/#website\",\"url\":\"https:\/\/singout.brussels\/\",\"name\":\"Sing Out Brussels!\",\"description\":\"The Fabulous Queer Choir of Brussels\",\"publisher\":{\"@id\":\"https:\/\/singout.brussels\/#organization\"},\"potentialAction\":[{\"@type\":\"SearchAction\",\"target\":{\"@type\":\"EntryPoint\",\"urlTemplate\":\"https:\/\/singout.brussels\/?s={search_term_string}\"},\"query-input\":\"required name=search_term_string\"}],\"inLanguage\":\"fr-FR\"},{\"@type\":\"Organization\",\"@id\":\"https:\/\/singout.brussels\/#organization\",\"name\":\"Sing Out Brussels!\",\"url\":\"https:\/\/singout.brussels\/\",\"logo\":{\"@type\":\"ImageObject\",\"inLanguage\":\"fr-FR\",\"@id\":\"https:\/\/singout.brussels\/#\/schema\/logo\/image\/\",\"url\":\"https:\/\/singout.brussels\/wp-content\/uploads\/2021\/10\/logo-32-32.png\",\"contentUrl\":\"https:\/\/singout.brussels\/wp-content\/uploads\/2021\/10\/logo-32-32.png\",\"width\":3286,\"height\":717,\"caption\":\"Sing Out Brussels!\"},\"image\":{\"@id\":\"https:\/\/singout.brussels\/#\/schema\/logo\/image\/\"}},{\"@type\":\"Person\",\"@id\":\"https:\/\/singout.brussels\/#\/schema\/person\/3a023e533e5a5e5993bb01ab7d1c15de\",\"name\":\"singoutbrussels\",\"image\":{\"@type\":\"ImageObject\",\"inLanguage\":\"fr-FR\",\"@id\":\"https:\/\/singout.brussels\/#\/schema\/person\/image\/\",\"url\":\"https:\/\/secure.gravatar.com\/avatar\/bb753eed49a2032140a1d8822a5d1c70333a582dd9dcb367654b8a3462f5219d?s=96&d=mm&r=g\",\"contentUrl\":\"https:\/\/secure.gravatar.com\/avatar\/bb753eed49a2032140a1d8822a5d1c70333a582dd9dcb367654b8a3462f5219d?s=96&d=mm&r=g\",\"caption\":\"singoutbrussels\"},\"sameAs\":[\"https:\/\/singout.brussels\"],\"url\":\"https:\/\/singout.brussels\/fr\/author\/singoutbrussels\/\"}]}<\/script>\n<!-- \/ Yoast SEO plugin. -->","yoast_head_json":{"title":"Let Your Heart Be Heard - Sing Out Brussels!","robots":{"index":"index","follow":"follow","max-snippet":"max-snippet:-1","max-image-preview":"max-image-preview:large","max-video-preview":"max-video-preview:-1"},"canonical":"https:\/\/singout.brussels\/fr\/2025\/09\/23\/let-your-heart-be-heard\/","og_locale":"fr_FR","og_type":"article","og_title":"Let Your Heart Be Heard - Sing Out Brussels!","og_description":"Notre chorale a d\u00e9but\u00e9 sa 8e saison par l'enregistrement studio et le tournage du clip de l'hymne du festival Various Voices Brussels 2026. Un week-end intense qui a aussi \u00e9t\u00e9 un v\u00e9ritable team building pour les choristes qui ont r\u00e9cemment adh\u00e9r\u00e9 \u00e0 Sing Out !","og_url":"https:\/\/singout.brussels\/fr\/2025\/09\/23\/let-your-heart-be-heard\/","og_site_name":"Sing Out Brussels!","article_published_time":"2025-09-23T20:06:05+00:00","article_modified_time":"2025-10-25T23:46:49+00:00","og_image":[{"width":2560,"height":1440,"url":"https:\/\/singout.brussels\/wp-content\/uploads\/2025\/09\/20250921_091748-169-scaled.jpg","type":"image\/jpeg"}],"author":"singoutbrussels","twitter_card":"summary_large_image","twitter_misc":{"\u00c9crit par":"singoutbrussels","Dur\u00e9e de lecture estim\u00e9e":"4 minutes"},"schema":{"@context":"https:\/\/schema.org","@graph":[{"@type":"Article","@id":"https:\/\/singout.brussels\/fr\/2025\/09\/23\/let-your-heart-be-heard\/#article","isPartOf":{"@id":"https:\/\/singout.brussels\/fr\/2025\/09\/23\/let-your-heart-be-heard\/"},"author":{"name":"singoutbrussels","@id":"https:\/\/singout.brussels\/#\/schema\/person\/3a023e533e5a5e5993bb01ab7d1c15de"},"headline":"Let Your Heart Be Heard","datePublished":"2025-09-23T20:06:05+00:00","dateModified":"2025-10-25T23:46:49+00:00","mainEntityOfPage":{"@id":"https:\/\/singout.brussels\/fr\/2025\/09\/23\/let-your-heart-be-heard\/"},"wordCount":513,"publisher":{"@id":"https:\/\/singout.brussels\/#organization"},"articleSection":["Actualit\u00e9s","News"],"inLanguage":"fr-FR"},{"@type":"WebPage","@id":"https:\/\/singout.brussels\/fr\/2025\/09\/23\/let-your-heart-be-heard\/","url":"https:\/\/singout.brussels\/fr\/2025\/09\/23\/let-your-heart-be-heard\/","name":"Let Your Heart Be Heard - Sing Out Brussels!","isPartOf":{"@id":"https:\/\/singout.brussels\/#website"},"datePublished":"2025-09-23T20:06:05+00:00","dateModified":"2025-10-25T23:46:49+00:00","breadcrumb":{"@id":"https:\/\/singout.brussels\/fr\/2025\/09\/23\/let-your-heart-be-heard\/#breadcrumb"},"inLanguage":"fr-FR","potentialAction":[{"@type":"ReadAction","target":["https:\/\/singout.brussels\/fr\/2025\/09\/23\/let-your-heart-be-heard\/"]}]},{"@type":"BreadcrumbList","@id":"https:\/\/singout.brussels\/fr\/2025\/09\/23\/let-your-heart-be-heard\/#breadcrumb","itemListElement":[{"@type":"ListItem","position":1,"name":"Home","item":"https:\/\/singout.brussels\/fr\/"},{"@type":"ListItem","position":2,"name":"Let Your Heart Be Heard"}]},{"@type":"WebSite","@id":"https:\/\/singout.brussels\/#website","url":"https:\/\/singout.brussels\/","name":"Sing Out Brussels!","description":"The Fabulous Queer Choir of Brussels","publisher":{"@id":"https:\/\/singout.brussels\/#organization"},"potentialAction":[{"@type":"SearchAction","target":{"@type":"EntryPoint","urlTemplate":"https:\/\/singout.brussels\/?s={search_term_string}"},"query-input":"required name=search_term_string"}],"inLanguage":"fr-FR"},{"@type":"Organization","@id":"https:\/\/singout.brussels\/#organization","name":"Sing Out Brussels!","url":"https:\/\/singout.brussels\/","logo":{"@type":"ImageObject","inLanguage":"fr-FR","@id":"https:\/\/singout.brussels\/#\/schema\/logo\/image\/","url":"https:\/\/singout.brussels\/wp-content\/uploads\/2021\/10\/logo-32-32.png","contentUrl":"https:\/\/singout.brussels\/wp-content\/uploads\/2021\/10\/logo-32-32.png","width":3286,"height":717,"caption":"Sing Out Brussels!"},"image":{"@id":"https:\/\/singout.brussels\/#\/schema\/logo\/image\/"}},{"@type":"Person","@id":"https:\/\/singout.brussels\/#\/schema\/person\/3a023e533e5a5e5993bb01ab7d1c15de","name":"singoutbrussels","image":{"@type":"ImageObject","inLanguage":"fr-FR","@id":"https:\/\/singout.brussels\/#\/schema\/person\/image\/","url":"https:\/\/secure.gravatar.com\/avatar\/bb753eed49a2032140a1d8822a5d1c70333a582dd9dcb367654b8a3462f5219d?s=96&d=mm&r=g","contentUrl":"https:\/\/secure.gravatar.com\/avatar\/bb753eed49a2032140a1d8822a5d1c70333a582dd9dcb367654b8a3462f5219d?s=96&d=mm&r=g","caption":"singoutbrussels"},"sameAs":["https:\/\/singout.brussels"],"url":"https:\/\/singout.brussels\/fr\/author\/singoutbrussels\/"}]}},"_links":{"self":[{"href":"https:\/\/singout.brussels\/fr\/wp-json\/wp\/v2\/posts\/7142","targetHints":{"allow":["GET"]}}],"collection":[{"href":"https:\/\/singout.brussels\/fr\/wp-json\/wp\/v2\/posts"}],"about":[{"href":"https:\/\/singout.brussels\/fr\/wp-json\/wp\/v2\/types\/post"}],"author":[{"embeddable":true,"href":"https:\/\/singout.brussels\/fr\/wp-json\/wp\/v2\/users\/1"}],"replies":[{"embeddable":true,"href":"https:\/\/singout.brussels\/fr\/wp-json\/wp\/v2\/comments?post=7142"}],"version-history":[{"count":2,"href":"https:\/\/singout.brussels\/fr\/wp-json\/wp\/v2\/posts\/7142\/revisions"}],"predecessor-version":[{"id":7260,"href":"https:\/\/singout.brussels\/fr\/wp-json\/wp\/v2\/posts\/7142\/revisions\/7260"}],"wp:featuredmedia":[{"embeddable":true,"href":"https:\/\/singout.brussels\/fr\/wp-json\/wp\/v2\/media\/7143"}],"wp:attachment":[{"href":"https:\/\/singout.brussels\/fr\/wp-json\/wp\/v2\/media?parent=7142"}],"wp:term":[{"taxonomy":"category","embeddable":true,"href":"https:\/\/singout.brussels\/fr\/wp-json\/wp\/v2\/categories?post=7142"},{"taxonomy":"post_tag","embeddable":true,"href":"https:\/\/singout.brussels\/fr\/wp-json\/wp\/v2\/tags?post=7142"}],"curies":[{"name":"wp","href":"https:\/\/api.w.org\/{rel}","templated":true}]}}