{"id":7196,"date":"2025-10-24T11:35:46","date_gmt":"2025-10-24T09:35:46","guid":{"rendered":"https:\/\/singout.brussels\/?p=7196"},"modified":"2025-10-26T01:50:58","modified_gmt":"2025-10-25T23:50:58","slug":"bonne-annee-chorale","status":"publish","type":"post","link":"https:\/\/singout.brussels\/fr\/2025\/10\/24\/bonne-annee-chorale\/","title":{"rendered":"Bonne ann\u00e9e (chorale) !"},"content":{"rendered":"\n<p>Lors de notre assembl\u00e9e g\u00e9n\u00e9rale annuelle, la chorale a fait le bilan de la saison \u00e9coul\u00e9e et a \u00e9lu un nouveau Conseil d&rsquo;administration compos\u00e9 de b\u00e9n\u00e9voles engag\u00e9.es\u00a0pour nous conduire jusqu&rsquo;au festival Various Voices en juin.<\/p>\n\n\n\n<p>Je sais, je sais, nous ne sommes qu&rsquo;en octobre (\u00e0 peine !), mais la rentr\u00e9e de septembre ne vous donne-t-elle pas toujours l&rsquo;impression d&rsquo;un nouveau d\u00e9part ? Peut-\u00eatre est-ce d\u00fb \u00e0 plus de dix ans d&rsquo;\u00e9ducation scolaire, ou peut-\u00eatre est-ce simplement parce qu&rsquo;apr\u00e8s les vacances d&rsquo;\u00e9t\u00e9, entre sel marin et cr\u00e8me solaire, les arbres d\u00e9voilent leur collection automne-hiver aux douces teintes jaunes, auburn et mauves.<\/p>\n\n\n\n<p>Quoi qu&rsquo;il en soit, pour Sing Out, la nouvelle ann\u00e9e commence en septembre avec le d\u00e9but d&rsquo;une nouvelle saison. Cette fois-ci, nous entamons notre huiti\u00e8me saison, qui nous m\u00e8nera vers de nouveaux r\u00e9pertoires, de nouvelles chor\u00e9graphies et de nombreux concerts, jusqu&rsquo;au festival Various Voices en juin. Nous sommes impatient\u00b7es !<\/p>\n\n\n\n<p>Une nouvelle ann\u00e9e apporte toujours des changements, et notre chorale ne fait pas exception.<\/p>\n\n\n\n<h2 class=\"wp-block-heading\">Un nouveau Conseil d&rsquo;administration<\/h2>\n\n\n\n<p>En tant qu&rsquo;association \u00e0 but non lucratif (ASBL) enregistr\u00e9e, L\u2019Assembl\u00e9e g\u00e9n\u00e9rale annuelle est une obligation l\u00e9gale, notamment pour approuver les comptes de la saison \u00e9coul\u00e9e et donner d\u00e9charge au Conseil d&rsquo;administration\u2026 mais ce n&rsquo;est pas qu&rsquo;une formalit\u00e9 ennuyeuse ! L\u2019AG constitue aussi une pause naturelle dans le calendrier charg\u00e9 de Sing Out, une occasion de se rappeler qui nous sommes et pourquoi nous sommes l\u00e0, et de prendre du recul pour contempler tout ce que nous avons accompli et surmont\u00e9.<\/p>\n\n\n\n<p>C\u2019est d\u00e9sormais la proc\u00e9dure habituelle chez Sing Out : nous nous sommes r\u00e9partis en groupes linguistiques pour les pr\u00e9sentations suivantes :<\/p>\n\n\n\n<ul class=\"wp-block-list\">\n<li>Rapport d&rsquo;activit\u00e9s de la saison 7<\/li>\n\n\n\n<li>Plan d&rsquo;activit\u00e9s de la saison 8<\/li>\n\n\n\n<li>R\u00e9sultats de l&rsquo;enqu\u00eate (anonyme) de fin de saison 7<\/li>\n\n\n\n<li>Comptes de la saison 7<\/li>\n\n\n\n<li>Budget de la saison 8<\/li>\n\n\n\n<li>Mise \u00e0 jour sur les pr\u00e9paratifs de Various Voices 2026<\/li>\n<\/ul>\n\n\n\n<p>Les deux groupes se sont ensuite r\u00e9unis pour une s\u00e9ance de vote en pl\u00e9ni\u00e8re. L&rsquo;AG a notamment marqu\u00e9 la fin du mandat de deux ans de trois membres du Conseil d&rsquo;administration. La chorale a remerci\u00e9 chaleureusement le pr\u00e9sident de la saison 7, Kit Sainsbury, le point de contact avec le Joy Team cr\u00e9atif, Danielle Lyle, et la tr\u00e9sori\u00e8re, Sheila Gijsens, pour leur d\u00e9vouement et pour le temps consacr\u00e9 au renforcement de notre communaut\u00e9.<\/p>\n\n\n\n<div class=\"wp-block-media-text alignwide is-stacked-on-mobile\" style=\"grid-template-columns:46% auto\"><figure class=\"wp-block-media-text__media\"><img loading=\"lazy\" decoding=\"async\" width=\"819\" height=\"1024\" src=\"https:\/\/singout.brussels\/wp-content\/uploads\/2025\/10\/WhatsApp-Image-2025-10-23-at-21.44.18-819x1024.jpeg\" alt=\"\" class=\"wp-image-7199 size-full\" srcset=\"https:\/\/singout.brussels\/wp-content\/uploads\/2025\/10\/WhatsApp-Image-2025-10-23-at-21.44.18-819x1024.jpeg 819w, https:\/\/singout.brussels\/wp-content\/uploads\/2025\/10\/WhatsApp-Image-2025-10-23-at-21.44.18-240x300.jpeg 240w, https:\/\/singout.brussels\/wp-content\/uploads\/2025\/10\/WhatsApp-Image-2025-10-23-at-21.44.18-768x960.jpeg 768w, https:\/\/singout.brussels\/wp-content\/uploads\/2025\/10\/WhatsApp-Image-2025-10-23-at-21.44.18-1229x1536.jpeg 1229w, https:\/\/singout.brussels\/wp-content\/uploads\/2025\/10\/WhatsApp-Image-2025-10-23-at-21.44.18.jpeg 1280w\" sizes=\"auto, (max-width: 819px) 100vw, 819px\" \/><\/figure><div class=\"wp-block-media-text__content\">\n<p>Ces d\u00e9parts ont laiss\u00e9 quatre postes vacants \u00e0 pourvoir par l&rsquo;AG. Le pr\u00e9sident sortant a partag\u00e9 quelques mots sur ce qui, selon lui, rendait les candidats id\u00e9aux pour diriger la chorale. L\u2019AG a ensuite \u00e9lu Marina Belotti, Alessandra Callegari, Anne Rensma et Antonino Tabone \u00e0 l&rsquo;unanimit\u00e9. Il reste encore une ann\u00e9e de mandat pour le pr\u00e9sident de la saison 8 Robbie Blake, Alex Sartoretti et Matt Small. Le navire Sing Out, en pleine expansion, dispose donc d&rsquo;une \u00e9quipe solide de sept personnes \u00e0 sa barre. Le nouveau Conseil d&rsquo;administration est diversifi\u00e9 en termes d&rsquo;identit\u00e9 de genre et d&rsquo;orientation sexuelle, mais aussi en termes d&rsquo;exp\u00e9rience professionnelle, d&rsquo;\u00e2ge, de langue maternelle et de pays d&rsquo;origine.<\/p>\n<\/div><\/div>\n\n\n\n<h2 class=\"wp-block-heading\">Joy Teams<\/h2>\n\n\n\n<p>Apr\u00e8s les formalit\u00e9s, les diff\u00e9rents groupes de b\u00e9n\u00e9voles de la chorale ont \u00e9t\u00e9 pr\u00e9sent\u00e9s : les Joy Teams, qui travaillent sur des th\u00e9matiques li\u00e9es \u00e0 la strat\u00e9gie, \u00e0 la cr\u00e9ativit\u00e9, \u00e0 la communication externe, au d\u00e9veloppement communautaire et \u00e0 la chor\u00e9graphie, ainsi qu\u2019une toute nouvelle \u00e9quipe de collecte de fonds, charg\u00e9e d\u2019aider le Conseil d&rsquo;administration \u00e0 obtenir un soutien financier du secteur public pour nos activit\u00e9s. Ce moment a non seulement permis \u00e0 nos nouveaux membres de d\u00e9couvrir les activit\u00e9s de chaque \u00e9quipe avant de d\u00e9cider de rejoindre l\u2019une d\u2019entre elles, mais aussi de pr\u00e9senter nos tours de cou color\u00e9s, utilis\u00e9s pour indiquer les r\u00f4les de chacun\u00b7e au sein de la chorale : diff\u00e9rentes couleurs distinguent les Joy Teams, les membres du Conseil d&rsquo;administration, les personnes de confiance et les professionnel\u00b7les externes qui collaborent avec nous.<\/p>\n\n\n\n<p>Il y a \u00e9galement eu un moment particuli\u00e8rement sp\u00e9cial pendant les pr\u00e9sentations.\nPlut\u00f4t que de faire une pr\u00e9sentation orale, l&rsquo;\u00e9quipe de chor\u00e9graphie a choisi de montrer une vid\u00e9o qu\u2019elle avait r\u00e9alis\u00e9e, avec ce message : en r\u00e9alit\u00e9, tout le monde fait partie de l\u2019\u00e9quipe de chor\u00e9graphie.&nbsp;La vid\u00e9o montrait des moments o\u00f9 l\u2019\u00e9quipe concevait les mouvements que nous allions ex\u00e9cuter sur sc\u00e8ne, les r\u00e9p\u00e9titions o\u00f9 la chorale les apprenait et les pratiquait pour la toute premi\u00e8re fois, ainsi que des extraits de notre fabuleux spectacle Queeroes. Ce fut l\u2019occasion, pour les membres un peu moins nouveaux, de se rem\u00e9morer le travail accompli pour monter le spectacle de la saison derni\u00e8re, mais surtout, de constater \u00e0 quel point ces r\u00e9p\u00e9titions \u00e9puisantes en valaient la peine !<\/p>\n\n\n\n<p>Maintenant que tout est pr\u00eat, il est temps de se remettre \u00e0 la musique ! Nous sommes impatient\u00b7es de d\u00e9couvrir ce que cette saison nous r\u00e9serve.<\/p>\n","protected":false},"excerpt":{"rendered":"<p>Lors de notre assembl\u00e9e g\u00e9n\u00e9rale annuelle, la chorale a fait le bilan de la saison \u00e9coul\u00e9e et a \u00e9lu un nouveau Conseil d&rsquo;administration compos\u00e9 de b\u00e9n\u00e9voles engag\u00e9s\u00a0pour nous conduire jusqu&rsquo;au festival Various Voices en juin.<\/p>\n","protected":false},"author":1,"featured_media":7220,"comment_status":"closed","ping_status":"open","sticky":false,"template":"","format":"standard","meta":{"footnotes":""},"categories":[10],"tags":[],"class_list":["post-7196","post","type-post","status-publish","format-standard","has-post-thumbnail","hentry","category-actualites","entry"],"yoast_head":"<!-- This site is optimized with the Yoast SEO plugin v19.14 - https:\/\/yoast.com\/wordpress\/plugins\/seo\/ -->\n<title>Bonne ann\u00e9e (chorale) ! - Sing Out Brussels!<\/title>\n<meta name=\"description\" content=\"Lors de notre assembl\u00e9e g\u00e9n\u00e9rale annuelle, la chorale a fait le bilan de la saison \u00e9coul\u00e9e et a \u00e9lu un nouveau Conseil d&#039;administration compos\u00e9 de b\u00e9n\u00e9voles engag\u00e9s\u00a0pour nous conduire jusqu&#039;au festival Various Voices en juin.\" \/>\n<meta name=\"robots\" content=\"index, follow, max-snippet:-1, max-image-preview:large, max-video-preview:-1\" \/>\n<link rel=\"canonical\" href=\"https:\/\/singout.brussels\/fr\/2025\/10\/24\/bonne-annee-chorale\/\" \/>\n<meta property=\"og:locale\" content=\"fr_FR\" \/>\n<meta property=\"og:type\" content=\"article\" \/>\n<meta property=\"og:title\" content=\"Bonne ann\u00e9e (chorale) ! - Sing Out Brussels!\" \/>\n<meta property=\"og:description\" content=\"Lors de notre assembl\u00e9e g\u00e9n\u00e9rale annuelle, la chorale a fait le bilan de la saison \u00e9coul\u00e9e et a \u00e9lu un nouveau Conseil d&#039;administration compos\u00e9 de b\u00e9n\u00e9voles engag\u00e9s\u00a0pour nous conduire jusqu&#039;au festival Various Voices en juin.\" \/>\n<meta property=\"og:url\" content=\"https:\/\/singout.brussels\/fr\/2025\/10\/24\/bonne-annee-chorale\/\" \/>\n<meta property=\"og:site_name\" content=\"Sing Out Brussels!\" \/>\n<meta property=\"article:published_time\" content=\"2025-10-24T09:35:46+00:00\" \/>\n<meta property=\"article:modified_time\" content=\"2025-10-25T23:50:58+00:00\" \/>\n<meta property=\"og:image\" content=\"https:\/\/singout.brussels\/wp-content\/uploads\/2025\/10\/WhatsApp-Image-2025-10-23-at-20.03.38-2-scaled.jpeg\" \/>\n\t<meta property=\"og:image:width\" content=\"2560\" \/>\n\t<meta property=\"og:image:height\" content=\"1440\" \/>\n\t<meta property=\"og:image:type\" content=\"image\/jpeg\" \/>\n<meta name=\"author\" content=\"singoutbrussels\" \/>\n<meta name=\"twitter:card\" content=\"summary_large_image\" \/>\n<meta name=\"twitter:label1\" content=\"\u00c9crit par\" \/>\n\t<meta name=\"twitter:data1\" content=\"singoutbrussels\" \/>\n\t<meta name=\"twitter:label2\" content=\"Dur\u00e9e de lecture estim\u00e9e\" \/>\n\t<meta name=\"twitter:data2\" content=\"4 minutes\" \/>\n<script type=\"application\/ld+json\" class=\"yoast-schema-graph\">{\"@context\":\"https:\/\/schema.org\",\"@graph\":[{\"@type\":\"Article\",\"@id\":\"https:\/\/singout.brussels\/fr\/2025\/10\/24\/bonne-annee-chorale\/#article\",\"isPartOf\":{\"@id\":\"https:\/\/singout.brussels\/fr\/2025\/10\/24\/bonne-annee-chorale\/\"},\"author\":{\"name\":\"singoutbrussels\",\"@id\":\"https:\/\/singout.brussels\/#\/schema\/person\/3a023e533e5a5e5993bb01ab7d1c15de\"},\"headline\":\"Bonne ann\u00e9e (chorale) !\",\"datePublished\":\"2025-10-24T09:35:46+00:00\",\"dateModified\":\"2025-10-25T23:50:58+00:00\",\"mainEntityOfPage\":{\"@id\":\"https:\/\/singout.brussels\/fr\/2025\/10\/24\/bonne-annee-chorale\/\"},\"wordCount\":876,\"publisher\":{\"@id\":\"https:\/\/singout.brussels\/#organization\"},\"articleSection\":[\"Actualit\u00e9s\"],\"inLanguage\":\"fr-FR\"},{\"@type\":\"WebPage\",\"@id\":\"https:\/\/singout.brussels\/fr\/2025\/10\/24\/bonne-annee-chorale\/\",\"url\":\"https:\/\/singout.brussels\/fr\/2025\/10\/24\/bonne-annee-chorale\/\",\"name\":\"Bonne ann\u00e9e (chorale) ! - Sing Out Brussels!\",\"isPartOf\":{\"@id\":\"https:\/\/singout.brussels\/#website\"},\"datePublished\":\"2025-10-24T09:35:46+00:00\",\"dateModified\":\"2025-10-25T23:50:58+00:00\",\"description\":\"Lors de notre assembl\u00e9e g\u00e9n\u00e9rale annuelle, la chorale a fait le bilan de la saison \u00e9coul\u00e9e et a \u00e9lu un nouveau Conseil d'administration compos\u00e9 de b\u00e9n\u00e9voles engag\u00e9s\u00a0pour nous conduire jusqu'au festival Various Voices en juin.\",\"breadcrumb\":{\"@id\":\"https:\/\/singout.brussels\/fr\/2025\/10\/24\/bonne-annee-chorale\/#breadcrumb\"},\"inLanguage\":\"fr-FR\",\"potentialAction\":[{\"@type\":\"ReadAction\",\"target\":[\"https:\/\/singout.brussels\/fr\/2025\/10\/24\/bonne-annee-chorale\/\"]}]},{\"@type\":\"BreadcrumbList\",\"@id\":\"https:\/\/singout.brussels\/fr\/2025\/10\/24\/bonne-annee-chorale\/#breadcrumb\",\"itemListElement\":[{\"@type\":\"ListItem\",\"position\":1,\"name\":\"Home\",\"item\":\"https:\/\/singout.brussels\/fr\/\"},{\"@type\":\"ListItem\",\"position\":2,\"name\":\"Bonne ann\u00e9e (chorale) !\"}]},{\"@type\":\"WebSite\",\"@id\":\"https:\/\/singout.brussels\/#website\",\"url\":\"https:\/\/singout.brussels\/\",\"name\":\"Sing Out Brussels!\",\"description\":\"The Fabulous Queer Choir of Brussels\",\"publisher\":{\"@id\":\"https:\/\/singout.brussels\/#organization\"},\"potentialAction\":[{\"@type\":\"SearchAction\",\"target\":{\"@type\":\"EntryPoint\",\"urlTemplate\":\"https:\/\/singout.brussels\/?s={search_term_string}\"},\"query-input\":\"required name=search_term_string\"}],\"inLanguage\":\"fr-FR\"},{\"@type\":\"Organization\",\"@id\":\"https:\/\/singout.brussels\/#organization\",\"name\":\"Sing Out Brussels!\",\"url\":\"https:\/\/singout.brussels\/\",\"logo\":{\"@type\":\"ImageObject\",\"inLanguage\":\"fr-FR\",\"@id\":\"https:\/\/singout.brussels\/#\/schema\/logo\/image\/\",\"url\":\"https:\/\/singout.brussels\/wp-content\/uploads\/2021\/10\/logo-32-32.png\",\"contentUrl\":\"https:\/\/singout.brussels\/wp-content\/uploads\/2021\/10\/logo-32-32.png\",\"width\":3286,\"height\":717,\"caption\":\"Sing Out Brussels!\"},\"image\":{\"@id\":\"https:\/\/singout.brussels\/#\/schema\/logo\/image\/\"}},{\"@type\":\"Person\",\"@id\":\"https:\/\/singout.brussels\/#\/schema\/person\/3a023e533e5a5e5993bb01ab7d1c15de\",\"name\":\"singoutbrussels\",\"image\":{\"@type\":\"ImageObject\",\"inLanguage\":\"fr-FR\",\"@id\":\"https:\/\/singout.brussels\/#\/schema\/person\/image\/\",\"url\":\"https:\/\/secure.gravatar.com\/avatar\/bb753eed49a2032140a1d8822a5d1c70333a582dd9dcb367654b8a3462f5219d?s=96&d=mm&r=g\",\"contentUrl\":\"https:\/\/secure.gravatar.com\/avatar\/bb753eed49a2032140a1d8822a5d1c70333a582dd9dcb367654b8a3462f5219d?s=96&d=mm&r=g\",\"caption\":\"singoutbrussels\"},\"sameAs\":[\"https:\/\/singout.brussels\"],\"url\":\"https:\/\/singout.brussels\/fr\/author\/singoutbrussels\/\"}]}<\/script>\n<!-- \/ Yoast SEO plugin. -->","yoast_head_json":{"title":"Bonne ann\u00e9e (chorale) ! - Sing Out Brussels!","description":"Lors de notre assembl\u00e9e g\u00e9n\u00e9rale annuelle, la chorale a fait le bilan de la saison \u00e9coul\u00e9e et a \u00e9lu un nouveau Conseil d'administration compos\u00e9 de b\u00e9n\u00e9voles engag\u00e9s\u00a0pour nous conduire jusqu'au festival Various Voices en juin.","robots":{"index":"index","follow":"follow","max-snippet":"max-snippet:-1","max-image-preview":"max-image-preview:large","max-video-preview":"max-video-preview:-1"},"canonical":"https:\/\/singout.brussels\/fr\/2025\/10\/24\/bonne-annee-chorale\/","og_locale":"fr_FR","og_type":"article","og_title":"Bonne ann\u00e9e (chorale) ! - Sing Out Brussels!","og_description":"Lors de notre assembl\u00e9e g\u00e9n\u00e9rale annuelle, la chorale a fait le bilan de la saison \u00e9coul\u00e9e et a \u00e9lu un nouveau Conseil d'administration compos\u00e9 de b\u00e9n\u00e9voles engag\u00e9s\u00a0pour nous conduire jusqu'au festival Various Voices en juin.","og_url":"https:\/\/singout.brussels\/fr\/2025\/10\/24\/bonne-annee-chorale\/","og_site_name":"Sing Out Brussels!","article_published_time":"2025-10-24T09:35:46+00:00","article_modified_time":"2025-10-25T23:50:58+00:00","og_image":[{"width":2560,"height":1440,"url":"https:\/\/singout.brussels\/wp-content\/uploads\/2025\/10\/WhatsApp-Image-2025-10-23-at-20.03.38-2-scaled.jpeg","type":"image\/jpeg"}],"author":"singoutbrussels","twitter_card":"summary_large_image","twitter_misc":{"\u00c9crit par":"singoutbrussels","Dur\u00e9e de lecture estim\u00e9e":"4 minutes"},"schema":{"@context":"https:\/\/schema.org","@graph":[{"@type":"Article","@id":"https:\/\/singout.brussels\/fr\/2025\/10\/24\/bonne-annee-chorale\/#article","isPartOf":{"@id":"https:\/\/singout.brussels\/fr\/2025\/10\/24\/bonne-annee-chorale\/"},"author":{"name":"singoutbrussels","@id":"https:\/\/singout.brussels\/#\/schema\/person\/3a023e533e5a5e5993bb01ab7d1c15de"},"headline":"Bonne ann\u00e9e (chorale) !","datePublished":"2025-10-24T09:35:46+00:00","dateModified":"2025-10-25T23:50:58+00:00","mainEntityOfPage":{"@id":"https:\/\/singout.brussels\/fr\/2025\/10\/24\/bonne-annee-chorale\/"},"wordCount":876,"publisher":{"@id":"https:\/\/singout.brussels\/#organization"},"articleSection":["Actualit\u00e9s"],"inLanguage":"fr-FR"},{"@type":"WebPage","@id":"https:\/\/singout.brussels\/fr\/2025\/10\/24\/bonne-annee-chorale\/","url":"https:\/\/singout.brussels\/fr\/2025\/10\/24\/bonne-annee-chorale\/","name":"Bonne ann\u00e9e (chorale) ! - Sing Out Brussels!","isPartOf":{"@id":"https:\/\/singout.brussels\/#website"},"datePublished":"2025-10-24T09:35:46+00:00","dateModified":"2025-10-25T23:50:58+00:00","description":"Lors de notre assembl\u00e9e g\u00e9n\u00e9rale annuelle, la chorale a fait le bilan de la saison \u00e9coul\u00e9e et a \u00e9lu un nouveau Conseil d'administration compos\u00e9 de b\u00e9n\u00e9voles engag\u00e9s\u00a0pour nous conduire jusqu'au festival Various Voices en juin.","breadcrumb":{"@id":"https:\/\/singout.brussels\/fr\/2025\/10\/24\/bonne-annee-chorale\/#breadcrumb"},"inLanguage":"fr-FR","potentialAction":[{"@type":"ReadAction","target":["https:\/\/singout.brussels\/fr\/2025\/10\/24\/bonne-annee-chorale\/"]}]},{"@type":"BreadcrumbList","@id":"https:\/\/singout.brussels\/fr\/2025\/10\/24\/bonne-annee-chorale\/#breadcrumb","itemListElement":[{"@type":"ListItem","position":1,"name":"Home","item":"https:\/\/singout.brussels\/fr\/"},{"@type":"ListItem","position":2,"name":"Bonne ann\u00e9e (chorale) !"}]},{"@type":"WebSite","@id":"https:\/\/singout.brussels\/#website","url":"https:\/\/singout.brussels\/","name":"Sing Out Brussels!","description":"The Fabulous Queer Choir of Brussels","publisher":{"@id":"https:\/\/singout.brussels\/#organization"},"potentialAction":[{"@type":"SearchAction","target":{"@type":"EntryPoint","urlTemplate":"https:\/\/singout.brussels\/?s={search_term_string}"},"query-input":"required name=search_term_string"}],"inLanguage":"fr-FR"},{"@type":"Organization","@id":"https:\/\/singout.brussels\/#organization","name":"Sing Out Brussels!","url":"https:\/\/singout.brussels\/","logo":{"@type":"ImageObject","inLanguage":"fr-FR","@id":"https:\/\/singout.brussels\/#\/schema\/logo\/image\/","url":"https:\/\/singout.brussels\/wp-content\/uploads\/2021\/10\/logo-32-32.png","contentUrl":"https:\/\/singout.brussels\/wp-content\/uploads\/2021\/10\/logo-32-32.png","width":3286,"height":717,"caption":"Sing Out Brussels!"},"image":{"@id":"https:\/\/singout.brussels\/#\/schema\/logo\/image\/"}},{"@type":"Person","@id":"https:\/\/singout.brussels\/#\/schema\/person\/3a023e533e5a5e5993bb01ab7d1c15de","name":"singoutbrussels","image":{"@type":"ImageObject","inLanguage":"fr-FR","@id":"https:\/\/singout.brussels\/#\/schema\/person\/image\/","url":"https:\/\/secure.gravatar.com\/avatar\/bb753eed49a2032140a1d8822a5d1c70333a582dd9dcb367654b8a3462f5219d?s=96&d=mm&r=g","contentUrl":"https:\/\/secure.gravatar.com\/avatar\/bb753eed49a2032140a1d8822a5d1c70333a582dd9dcb367654b8a3462f5219d?s=96&d=mm&r=g","caption":"singoutbrussels"},"sameAs":["https:\/\/singout.brussels"],"url":"https:\/\/singout.brussels\/fr\/author\/singoutbrussels\/"}]}},"_links":{"self":[{"href":"https:\/\/singout.brussels\/fr\/wp-json\/wp\/v2\/posts\/7196","targetHints":{"allow":["GET"]}}],"collection":[{"href":"https:\/\/singout.brussels\/fr\/wp-json\/wp\/v2\/posts"}],"about":[{"href":"https:\/\/singout.brussels\/fr\/wp-json\/wp\/v2\/types\/post"}],"author":[{"embeddable":true,"href":"https:\/\/singout.brussels\/fr\/wp-json\/wp\/v2\/users\/1"}],"replies":[{"embeddable":true,"href":"https:\/\/singout.brussels\/fr\/wp-json\/wp\/v2\/comments?post=7196"}],"version-history":[{"count":5,"href":"https:\/\/singout.brussels\/fr\/wp-json\/wp\/v2\/posts\/7196\/revisions"}],"predecessor-version":[{"id":7262,"href":"https:\/\/singout.brussels\/fr\/wp-json\/wp\/v2\/posts\/7196\/revisions\/7262"}],"wp:featuredmedia":[{"embeddable":true,"href":"https:\/\/singout.brussels\/fr\/wp-json\/wp\/v2\/media\/7220"}],"wp:attachment":[{"href":"https:\/\/singout.brussels\/fr\/wp-json\/wp\/v2\/media?parent=7196"}],"wp:term":[{"taxonomy":"category","embeddable":true,"href":"https:\/\/singout.brussels\/fr\/wp-json\/wp\/v2\/categories?post=7196"},{"taxonomy":"post_tag","embeddable":true,"href":"https:\/\/singout.brussels\/fr\/wp-json\/wp\/v2\/tags?post=7196"}],"curies":[{"name":"wp","href":"https:\/\/api.w.org\/{rel}","templated":true}]}}