{"id":7434,"date":"2025-12-10T16:51:25","date_gmt":"2025-12-10T15:51:25","guid":{"rendered":"https:\/\/singout.brussels\/?p=7434"},"modified":"2025-12-12T09:41:46","modified_gmt":"2025-12-12T08:41:46","slug":"une-fin-dannee-pleine-de-chants","status":"publish","type":"post","link":"https:\/\/singout.brussels\/fr\/2025\/12\/10\/une-fin-dannee-pleine-de-chants\/","title":{"rendered":"Une fin d\u2019ann\u00e9e pleine de chants"},"content":{"rendered":"\n<p style=\"font-style:normal;font-weight:700\"><span style=\"font-weight: 400;\">Ces derni\u00e8res semaines ont \u00e9t\u00e9 tr\u00e8s charg\u00e9es pour votre fabuleuse chorale queer pr\u00e9f\u00e9r\u00e9e. Ces derniers mois, nous avons travaill\u00e9 dur sur notre nouveau r\u00e9pertoire. Lors de nos trois (ou plut\u00f4t quatre) prestations r\u00e9parties sur deux week-ends, vous avez enfin pu en profiter.<\/span><\/p>\n\n<h2 class=\"wp-block-heading\">Plaisirs d\u2019Hiver<\/h2>\n\n<p>La s\u00e9rie de concerts a commenc\u00e9 le 28 novembre lors de l\u2019ouverture des Plaisirs d\u2019Hiver \u00e0 Bruxelles. Apr\u00e8s un court \u00e9chauffement \u00e0 l\u2019H\u00f4tel de Ville, nous avons travers\u00e9 les stands de Gl\u00fchwein et de tartiflette pour rejoindre les marches de La Monnaie. Pour les passant\u00b7e\u00b7s surpris\u00b7e\u00b7s et nos fan\u00b7e\u00b7s fid\u00e8les, nous avons commenc\u00e9 par Love Yourself. Les sonorit\u00e9s chaleureuses de ce morceau ont m\u00eame attir\u00e9 l\u2019attention de deux ours polaires lumineux, qui sont devenu\u00b7e\u00b7s membres temporaires de la chorale. Tous ensemble, nous avons ensuite interpr\u00e9t\u00e9 Freedom! \u201990.<\/p>\n\n<p>Nous avons ensuite trouv\u00e9 une petite place sous le grand sapin de la Grand-Place. Lorsqu\u2019il s\u2019est illumin\u00e9, nous avons apport\u00e9 un peu de magie sur la place avec notre version de Have Yourself a Merry Little Christmas. Ensuite, nous avons encha\u00een\u00e9 avec le mash-up Nothing\u2019s Gonna Stop Us et repris Freedom! \u201990. Pas vraiment un r\u00e9pertoire de No\u00ebl, dites-vous. Chacun\u00b7e vit cette p\u00e9riode \u00e0 sa mani\u00e8re.<\/p>\n\n<figure class=\"wp-block-image size-large\"><img decoding=\"async\" src=\"https:\/\/singout.brussels\/wp-content\/uploads\/2025\/12\/IMG_0643-scaled-e1765381083240-1024x576.jpeg\" alt=\"\" class=\"wp-image-7450\"\/><figcaption class=\"wp-element-caption\">Sing Out! Brussels sur les marches de la Monnaie<\/figcaption><\/figure>\n\n<h2 class=\"wp-block-heading\">1er d\u00e9cembre<\/h2>\n\n<p>Ces deux prestations \u00e9taient un excellent \u00e9chauffement pour notre participation \u00e0 La Nuit Positive le lendemain. Depuis 1988, le 1er d\u00e9cembre est la Journ\u00e9e mondiale de lutte contre le sida, une journ\u00e9e consacr\u00e9e \u00e0 l\u2019\u00e9pid\u00e9mie et aux personnes touch\u00e9\u00b7e\u00b7s. C\u2019est pourquoi Ex Aequo organisait pour la deuxi\u00e8me fois cette soir\u00e9e \u00e0 La Madeleine, un \u00e9v\u00e9nement de collecte de fonds auquel de nombreu\u00b7x\u00b7ses artistes donnent le meilleur d\u2019ielleux-m\u00eames.<\/p>\n\n<p>Sing Out! \u00e9tait bien s\u00fbr ravi\u00b7e\u00b7x d\u2019y contribuer. Devant une salle comble, nous avons interpr\u00e9t\u00e9 Love Yourself et Freedom! \u201990. Ce deuxi\u00e8me morceau avait une r\u00e9sonance particuli\u00e8re ici, nous ramenant \u00e0 l\u2019\u00e9poque o\u00f9 le VIH et le sida progressaient rapidement. C\u2019\u00e9tait aussi la premi\u00e8re fois que nous interpr\u00e9tions Freedom! \u201990 avec une chor\u00e9graphie qui renfor\u00e7ait encore sa puissance. Apr\u00e8s coup, nous avons appris que Sing Out! avait re\u00e7u les applaudissements les plus forts de la soir\u00e9e. Peut-\u00eatre parce que nous avions amen\u00e9 le plus grand nombre de fan\u00b7e\u00b7s.<\/p>\n\n<p>Vous avez manqu\u00e9 la prestation? Pas de souci: vous pouvez la revoir dans la vid\u00e9o ci-dessous.<\/p>\n\n<figure class=\"wp-block-embed is-type-video is-provider-youtube wp-block-embed-youtube wp-embed-aspect-16-9 wp-has-aspect-ratio\"><div class=\"wp-block-embed__wrapper\">\r\n<iframe loading=\"lazy\" title=\"Freedom! &#039;90 - George Michael | sung by Sing Out Brussels!\" width=\"1000\" height=\"563\" src=\"https:\/\/www.youtube.com\/embed\/L4ZWA22gdWI?feature=oembed\" frameborder=\"0\" allow=\"accelerometer; autoplay; clipboard-write; encrypted-media; gyroscope; picture-in-picture; web-share\" referrerpolicy=\"strict-origin-when-cross-origin\" allowfullscreen><\/iframe>\r\n<\/div><figcaption class=\"wp-element-caption\">Freedom! &rsquo;90 door Sing Out! Brussels<\/figcaption><\/figure>\r\n\n<h2 class=\"wp-block-heading\">Sept d\u2019affil\u00e9e<\/h2>\n\n<p>La derni\u00e8re prestation de cette s\u00e9rie a eu lieu le week-end suivant au Grand Hospice, au c\u0153ur du march\u00e9 de No\u00ebl install\u00e9 l\u00e0. Le lieu \u00e9tait plus intime que La Madeleine, ce qui nous a rendu particuli\u00e8rement g\u00e9n\u00e9reux\u00b7ses\u00b7x. Nous y avons interpr\u00e9t\u00e9 pas moins de sept titres d\u2019affil\u00e9e. En plus des morceaux d\u00e9j\u00e0 mentionn\u00e9s, nous avons repris Pink Pony Club de la saison pr\u00e9c\u00e9dente. Nous avons \u00e9galement test\u00e9 deux titres tout nouveaux: Dag vreemde man et Sexual Revolution. Une setlist vari\u00e9e, aux ambiances et messages multiples.<\/p>\n\n<p>Pour plusieurs nouveaux\u00b7elles membres du ch\u0153ur, il s\u2019agissait de leurs premi\u00e8res prestations avec Sing Out!. Iels ont pu compter sur l\u2019exp\u00e9rience des membres pr\u00e9sent\u00b7e\u00b7s depuis plus longtemps, ce qui a contribu\u00e9 \u00e0 faire de cette s\u00e9rie de concerts un vrai succ\u00e8s. Nous remercions aussi toutes les organisations qui nous donnent l\u2019opportunit\u00e9 de nous produire, ainsi que toutes les personnes qui ont contribu\u00e9, devant comme derri\u00e8re les coulisses, \u00e0 faire de ces moments une r\u00e9ussite.<\/p>\n\n<h2 class=\"wp-block-heading\">Session de rattrapage<\/h2>\n\n<p><span style=\"font-weight: 400;\">Cher\u00b7e lecteur\u00b7rice, vous vous dites peut-\u00eatre: quel dommage d\u2019avoir manqu\u00e9 tout cela. Comment ai-je pu passer \u00e0 c\u00f4t\u00e9 de cette s\u00e9rie de concerts? Aucun souci. Vous aurez une nouvelle chance le 30 janvier, lorsque Sing Out! se produira \u00e0 La Tricoterie. Les billets sont d\u00e9j\u00e0 disponibles via cette page. On s\u2019y voit?!<\/span><\/p>\n\n<p>Plus d&rsquo;informations sur Sing Out! \u00e0 La Tricoterie: <a href=\"https:\/\/singout.brussels\/fr\/2025\/06\/09\/sing-out-a-la-tricoterie\/\">Sing Out in La Tricoterie<\/a><\/p>\n","protected":false},"excerpt":{"rendered":"<p>Ces derni\u00e8res semaines ont \u00e9t\u00e9 tr\u00e8s charg\u00e9es pour votre fabuleuse chorale queer pr\u00e9f\u00e9r\u00e9e. Ces derniers mois, nous avons travaill\u00e9 dur sur notre nouveau r\u00e9pertoire. Lors de nos trois (ou plut\u00f4t quatre) prestations r\u00e9parties sur deux week-ends, vous avez enfin pu en profiter. <\/p>\n","protected":false},"author":1,"featured_media":7447,"comment_status":"closed","ping_status":"open","sticky":false,"template":"","format":"standard","meta":{"footnotes":""},"categories":[10],"tags":[],"class_list":["post-7434","post","type-post","status-publish","format-standard","has-post-thumbnail","hentry","category-actualites","entry"],"yoast_head":"<!-- This site is optimized with the Yoast SEO plugin v19.14 - https:\/\/yoast.com\/wordpress\/plugins\/seo\/ -->\n<title>Une fin d\u2019ann\u00e9e pleine de chants - Sing Out Brussels!<\/title>\n<meta name=\"description\" content=\"Ces derni\u00e8res semaines ont \u00e9t\u00e9 tr\u00e8s charg\u00e9es pour votre fabuleuse chorale queer pr\u00e9f\u00e9r\u00e9e. Ces derniers mois, nous avons travaill\u00e9 dur sur notre nouveau r\u00e9pertoire. Lors de nos trois (ou plut\u00f4t quatre) prestations r\u00e9parties sur deux week-ends, vous avez enfin pu en profiter.\" \/>\n<meta name=\"robots\" content=\"index, follow, max-snippet:-1, max-image-preview:large, max-video-preview:-1\" \/>\n<link rel=\"canonical\" href=\"https:\/\/singout.brussels\/fr\/2025\/12\/10\/une-fin-dannee-pleine-de-chants\/\" \/>\n<meta property=\"og:locale\" content=\"fr_FR\" \/>\n<meta property=\"og:type\" content=\"article\" \/>\n<meta property=\"og:title\" content=\"Une fin d\u2019ann\u00e9e pleine de chants - Sing Out Brussels!\" \/>\n<meta property=\"og:description\" content=\"Ces derni\u00e8res semaines ont \u00e9t\u00e9 tr\u00e8s charg\u00e9es pour votre fabuleuse chorale queer pr\u00e9f\u00e9r\u00e9e. Ces derniers mois, nous avons travaill\u00e9 dur sur notre nouveau r\u00e9pertoire. Lors de nos trois (ou plut\u00f4t quatre) prestations r\u00e9parties sur deux week-ends, vous avez enfin pu en profiter.\" \/>\n<meta property=\"og:url\" content=\"https:\/\/singout.brussels\/fr\/2025\/12\/10\/une-fin-dannee-pleine-de-chants\/\" \/>\n<meta property=\"og:site_name\" content=\"Sing Out Brussels!\" \/>\n<meta property=\"article:published_time\" content=\"2025-12-10T15:51:25+00:00\" \/>\n<meta property=\"article:modified_time\" content=\"2025-12-12T08:41:46+00:00\" \/>\n<meta property=\"og:image\" content=\"https:\/\/singout.brussels\/wp-content\/uploads\/2025\/12\/7ff8379f-261a-4c0c-81b9-3a03c3334894-e1765380775594.jpg\" \/>\n\t<meta property=\"og:image:width\" content=\"1200\" \/>\n\t<meta property=\"og:image:height\" content=\"676\" \/>\n\t<meta property=\"og:image:type\" content=\"image\/jpeg\" \/>\n<meta name=\"author\" content=\"singoutbrussels\" \/>\n<meta name=\"twitter:card\" content=\"summary_large_image\" \/>\n<meta name=\"twitter:label1\" content=\"\u00c9crit par\" \/>\n\t<meta name=\"twitter:data1\" content=\"singoutbrussels\" \/>\n\t<meta name=\"twitter:label2\" content=\"Dur\u00e9e de lecture estim\u00e9e\" \/>\n\t<meta name=\"twitter:data2\" content=\"3 minutes\" \/>\n<script type=\"application\/ld+json\" class=\"yoast-schema-graph\">{\"@context\":\"https:\/\/schema.org\",\"@graph\":[{\"@type\":\"Article\",\"@id\":\"https:\/\/singout.brussels\/fr\/2025\/12\/10\/une-fin-dannee-pleine-de-chants\/#article\",\"isPartOf\":{\"@id\":\"https:\/\/singout.brussels\/fr\/2025\/12\/10\/une-fin-dannee-pleine-de-chants\/\"},\"author\":{\"name\":\"singoutbrussels\",\"@id\":\"https:\/\/singout.brussels\/#\/schema\/person\/3a023e533e5a5e5993bb01ab7d1c15de\"},\"headline\":\"Une fin d\u2019ann\u00e9e pleine de chants\",\"datePublished\":\"2025-12-10T15:51:25+00:00\",\"dateModified\":\"2025-12-12T08:41:46+00:00\",\"mainEntityOfPage\":{\"@id\":\"https:\/\/singout.brussels\/fr\/2025\/12\/10\/une-fin-dannee-pleine-de-chants\/\"},\"wordCount\":733,\"publisher\":{\"@id\":\"https:\/\/singout.brussels\/#organization\"},\"articleSection\":[\"Actualit\u00e9s\"],\"inLanguage\":\"fr-FR\"},{\"@type\":\"WebPage\",\"@id\":\"https:\/\/singout.brussels\/fr\/2025\/12\/10\/une-fin-dannee-pleine-de-chants\/\",\"url\":\"https:\/\/singout.brussels\/fr\/2025\/12\/10\/une-fin-dannee-pleine-de-chants\/\",\"name\":\"Une fin d\u2019ann\u00e9e pleine de chants - Sing Out Brussels!\",\"isPartOf\":{\"@id\":\"https:\/\/singout.brussels\/#website\"},\"datePublished\":\"2025-12-10T15:51:25+00:00\",\"dateModified\":\"2025-12-12T08:41:46+00:00\",\"description\":\"Ces derni\u00e8res semaines ont \u00e9t\u00e9 tr\u00e8s charg\u00e9es pour votre fabuleuse chorale queer pr\u00e9f\u00e9r\u00e9e. Ces derniers mois, nous avons travaill\u00e9 dur sur notre nouveau r\u00e9pertoire. Lors de nos trois (ou plut\u00f4t quatre) prestations r\u00e9parties sur deux week-ends, vous avez enfin pu en profiter.\",\"breadcrumb\":{\"@id\":\"https:\/\/singout.brussels\/fr\/2025\/12\/10\/une-fin-dannee-pleine-de-chants\/#breadcrumb\"},\"inLanguage\":\"fr-FR\",\"potentialAction\":[{\"@type\":\"ReadAction\",\"target\":[\"https:\/\/singout.brussels\/fr\/2025\/12\/10\/une-fin-dannee-pleine-de-chants\/\"]}]},{\"@type\":\"BreadcrumbList\",\"@id\":\"https:\/\/singout.brussels\/fr\/2025\/12\/10\/une-fin-dannee-pleine-de-chants\/#breadcrumb\",\"itemListElement\":[{\"@type\":\"ListItem\",\"position\":1,\"name\":\"Home\",\"item\":\"https:\/\/singout.brussels\/fr\/\"},{\"@type\":\"ListItem\",\"position\":2,\"name\":\"Une fin d\u2019ann\u00e9e pleine de chants\"}]},{\"@type\":\"WebSite\",\"@id\":\"https:\/\/singout.brussels\/#website\",\"url\":\"https:\/\/singout.brussels\/\",\"name\":\"Sing Out Brussels!\",\"description\":\"The Fabulous Queer Choir of Brussels\",\"publisher\":{\"@id\":\"https:\/\/singout.brussels\/#organization\"},\"potentialAction\":[{\"@type\":\"SearchAction\",\"target\":{\"@type\":\"EntryPoint\",\"urlTemplate\":\"https:\/\/singout.brussels\/?s={search_term_string}\"},\"query-input\":\"required name=search_term_string\"}],\"inLanguage\":\"fr-FR\"},{\"@type\":\"Organization\",\"@id\":\"https:\/\/singout.brussels\/#organization\",\"name\":\"Sing Out Brussels!\",\"url\":\"https:\/\/singout.brussels\/\",\"logo\":{\"@type\":\"ImageObject\",\"inLanguage\":\"fr-FR\",\"@id\":\"https:\/\/singout.brussels\/#\/schema\/logo\/image\/\",\"url\":\"https:\/\/singout.brussels\/wp-content\/uploads\/2021\/10\/logo-32-32.png\",\"contentUrl\":\"https:\/\/singout.brussels\/wp-content\/uploads\/2021\/10\/logo-32-32.png\",\"width\":3286,\"height\":717,\"caption\":\"Sing Out Brussels!\"},\"image\":{\"@id\":\"https:\/\/singout.brussels\/#\/schema\/logo\/image\/\"}},{\"@type\":\"Person\",\"@id\":\"https:\/\/singout.brussels\/#\/schema\/person\/3a023e533e5a5e5993bb01ab7d1c15de\",\"name\":\"singoutbrussels\",\"image\":{\"@type\":\"ImageObject\",\"inLanguage\":\"fr-FR\",\"@id\":\"https:\/\/singout.brussels\/#\/schema\/person\/image\/\",\"url\":\"https:\/\/secure.gravatar.com\/avatar\/bb753eed49a2032140a1d8822a5d1c70333a582dd9dcb367654b8a3462f5219d?s=96&d=mm&r=g\",\"contentUrl\":\"https:\/\/secure.gravatar.com\/avatar\/bb753eed49a2032140a1d8822a5d1c70333a582dd9dcb367654b8a3462f5219d?s=96&d=mm&r=g\",\"caption\":\"singoutbrussels\"},\"sameAs\":[\"https:\/\/singout.brussels\"],\"url\":\"https:\/\/singout.brussels\/fr\/author\/singoutbrussels\/\"}]}<\/script>\n<!-- \/ Yoast SEO plugin. -->","yoast_head_json":{"title":"Une fin d\u2019ann\u00e9e pleine de chants - Sing Out Brussels!","description":"Ces derni\u00e8res semaines ont \u00e9t\u00e9 tr\u00e8s charg\u00e9es pour votre fabuleuse chorale queer pr\u00e9f\u00e9r\u00e9e. Ces derniers mois, nous avons travaill\u00e9 dur sur notre nouveau r\u00e9pertoire. Lors de nos trois (ou plut\u00f4t quatre) prestations r\u00e9parties sur deux week-ends, vous avez enfin pu en profiter.","robots":{"index":"index","follow":"follow","max-snippet":"max-snippet:-1","max-image-preview":"max-image-preview:large","max-video-preview":"max-video-preview:-1"},"canonical":"https:\/\/singout.brussels\/fr\/2025\/12\/10\/une-fin-dannee-pleine-de-chants\/","og_locale":"fr_FR","og_type":"article","og_title":"Une fin d\u2019ann\u00e9e pleine de chants - Sing Out Brussels!","og_description":"Ces derni\u00e8res semaines ont \u00e9t\u00e9 tr\u00e8s charg\u00e9es pour votre fabuleuse chorale queer pr\u00e9f\u00e9r\u00e9e. Ces derniers mois, nous avons travaill\u00e9 dur sur notre nouveau r\u00e9pertoire. Lors de nos trois (ou plut\u00f4t quatre) prestations r\u00e9parties sur deux week-ends, vous avez enfin pu en profiter.","og_url":"https:\/\/singout.brussels\/fr\/2025\/12\/10\/une-fin-dannee-pleine-de-chants\/","og_site_name":"Sing Out Brussels!","article_published_time":"2025-12-10T15:51:25+00:00","article_modified_time":"2025-12-12T08:41:46+00:00","og_image":[{"width":1200,"height":676,"url":"https:\/\/singout.brussels\/wp-content\/uploads\/2025\/12\/7ff8379f-261a-4c0c-81b9-3a03c3334894-e1765380775594.jpg","type":"image\/jpeg"}],"author":"singoutbrussels","twitter_card":"summary_large_image","twitter_misc":{"\u00c9crit par":"singoutbrussels","Dur\u00e9e de lecture estim\u00e9e":"3 minutes"},"schema":{"@context":"https:\/\/schema.org","@graph":[{"@type":"Article","@id":"https:\/\/singout.brussels\/fr\/2025\/12\/10\/une-fin-dannee-pleine-de-chants\/#article","isPartOf":{"@id":"https:\/\/singout.brussels\/fr\/2025\/12\/10\/une-fin-dannee-pleine-de-chants\/"},"author":{"name":"singoutbrussels","@id":"https:\/\/singout.brussels\/#\/schema\/person\/3a023e533e5a5e5993bb01ab7d1c15de"},"headline":"Une fin d\u2019ann\u00e9e pleine de chants","datePublished":"2025-12-10T15:51:25+00:00","dateModified":"2025-12-12T08:41:46+00:00","mainEntityOfPage":{"@id":"https:\/\/singout.brussels\/fr\/2025\/12\/10\/une-fin-dannee-pleine-de-chants\/"},"wordCount":733,"publisher":{"@id":"https:\/\/singout.brussels\/#organization"},"articleSection":["Actualit\u00e9s"],"inLanguage":"fr-FR"},{"@type":"WebPage","@id":"https:\/\/singout.brussels\/fr\/2025\/12\/10\/une-fin-dannee-pleine-de-chants\/","url":"https:\/\/singout.brussels\/fr\/2025\/12\/10\/une-fin-dannee-pleine-de-chants\/","name":"Une fin d\u2019ann\u00e9e pleine de chants - Sing Out Brussels!","isPartOf":{"@id":"https:\/\/singout.brussels\/#website"},"datePublished":"2025-12-10T15:51:25+00:00","dateModified":"2025-12-12T08:41:46+00:00","description":"Ces derni\u00e8res semaines ont \u00e9t\u00e9 tr\u00e8s charg\u00e9es pour votre fabuleuse chorale queer pr\u00e9f\u00e9r\u00e9e. Ces derniers mois, nous avons travaill\u00e9 dur sur notre nouveau r\u00e9pertoire. Lors de nos trois (ou plut\u00f4t quatre) prestations r\u00e9parties sur deux week-ends, vous avez enfin pu en profiter.","breadcrumb":{"@id":"https:\/\/singout.brussels\/fr\/2025\/12\/10\/une-fin-dannee-pleine-de-chants\/#breadcrumb"},"inLanguage":"fr-FR","potentialAction":[{"@type":"ReadAction","target":["https:\/\/singout.brussels\/fr\/2025\/12\/10\/une-fin-dannee-pleine-de-chants\/"]}]},{"@type":"BreadcrumbList","@id":"https:\/\/singout.brussels\/fr\/2025\/12\/10\/une-fin-dannee-pleine-de-chants\/#breadcrumb","itemListElement":[{"@type":"ListItem","position":1,"name":"Home","item":"https:\/\/singout.brussels\/fr\/"},{"@type":"ListItem","position":2,"name":"Une fin d\u2019ann\u00e9e pleine de chants"}]},{"@type":"WebSite","@id":"https:\/\/singout.brussels\/#website","url":"https:\/\/singout.brussels\/","name":"Sing Out Brussels!","description":"The Fabulous Queer Choir of Brussels","publisher":{"@id":"https:\/\/singout.brussels\/#organization"},"potentialAction":[{"@type":"SearchAction","target":{"@type":"EntryPoint","urlTemplate":"https:\/\/singout.brussels\/?s={search_term_string}"},"query-input":"required name=search_term_string"}],"inLanguage":"fr-FR"},{"@type":"Organization","@id":"https:\/\/singout.brussels\/#organization","name":"Sing Out Brussels!","url":"https:\/\/singout.brussels\/","logo":{"@type":"ImageObject","inLanguage":"fr-FR","@id":"https:\/\/singout.brussels\/#\/schema\/logo\/image\/","url":"https:\/\/singout.brussels\/wp-content\/uploads\/2021\/10\/logo-32-32.png","contentUrl":"https:\/\/singout.brussels\/wp-content\/uploads\/2021\/10\/logo-32-32.png","width":3286,"height":717,"caption":"Sing Out Brussels!"},"image":{"@id":"https:\/\/singout.brussels\/#\/schema\/logo\/image\/"}},{"@type":"Person","@id":"https:\/\/singout.brussels\/#\/schema\/person\/3a023e533e5a5e5993bb01ab7d1c15de","name":"singoutbrussels","image":{"@type":"ImageObject","inLanguage":"fr-FR","@id":"https:\/\/singout.brussels\/#\/schema\/person\/image\/","url":"https:\/\/secure.gravatar.com\/avatar\/bb753eed49a2032140a1d8822a5d1c70333a582dd9dcb367654b8a3462f5219d?s=96&d=mm&r=g","contentUrl":"https:\/\/secure.gravatar.com\/avatar\/bb753eed49a2032140a1d8822a5d1c70333a582dd9dcb367654b8a3462f5219d?s=96&d=mm&r=g","caption":"singoutbrussels"},"sameAs":["https:\/\/singout.brussels"],"url":"https:\/\/singout.brussels\/fr\/author\/singoutbrussels\/"}]}},"_links":{"self":[{"href":"https:\/\/singout.brussels\/fr\/wp-json\/wp\/v2\/posts\/7434","targetHints":{"allow":["GET"]}}],"collection":[{"href":"https:\/\/singout.brussels\/fr\/wp-json\/wp\/v2\/posts"}],"about":[{"href":"https:\/\/singout.brussels\/fr\/wp-json\/wp\/v2\/types\/post"}],"author":[{"embeddable":true,"href":"https:\/\/singout.brussels\/fr\/wp-json\/wp\/v2\/users\/1"}],"replies":[{"embeddable":true,"href":"https:\/\/singout.brussels\/fr\/wp-json\/wp\/v2\/comments?post=7434"}],"version-history":[{"count":13,"href":"https:\/\/singout.brussels\/fr\/wp-json\/wp\/v2\/posts\/7434\/revisions"}],"predecessor-version":[{"id":7497,"href":"https:\/\/singout.brussels\/fr\/wp-json\/wp\/v2\/posts\/7434\/revisions\/7497"}],"wp:featuredmedia":[{"embeddable":true,"href":"https:\/\/singout.brussels\/fr\/wp-json\/wp\/v2\/media\/7447"}],"wp:attachment":[{"href":"https:\/\/singout.brussels\/fr\/wp-json\/wp\/v2\/media?parent=7434"}],"wp:term":[{"taxonomy":"category","embeddable":true,"href":"https:\/\/singout.brussels\/fr\/wp-json\/wp\/v2\/categories?post=7434"},{"taxonomy":"post_tag","embeddable":true,"href":"https:\/\/singout.brussels\/fr\/wp-json\/wp\/v2\/tags?post=7434"}],"curies":[{"name":"wp","href":"https:\/\/api.w.org\/{rel}","templated":true}]}}